{"id":995,"date":"2017-11-05T15:05:11","date_gmt":"2017-11-05T14:05:11","guid":{"rendered":"http:\/\/psc-psoe.es\/?p=995"},"modified":"2019-02-19T13:34:35","modified_gmt":"2019-02-19T12:34:35","slug":"el-psoe-defiende-que-para-el-cambio-de-nombres-de-calles-se-cuente-con-la-participacion-de-los-santanderinos","status":"publish","type":"post","link":"https:\/\/www.psc-psoe.es\/index.php\/2017\/11\/05\/el-psoe-defiende-que-para-el-cambio-de-nombres-de-calles-se-cuente-con-la-participacion-de-los-santanderinos\/","title":{"rendered":"El PSOE defiende que para el cambio de nombres de calles se cuente con la participaci\u00f3n de los santanderinos"},"content":{"rendered":"<p>El\u00a0portavoz municipal del PSOE, Pedro Casares,\u00a0defiende que para el cambio de nombres de calles se cuente con la participaci\u00f3n de los santanderinos.<\/p>\n<p>Casares considera que\u00a0la forma en la que se deciden\u00a0en la actualidad\u00a0estos cambios de denominaci\u00f3n \u201cadolece\u201d de ser un verdadero proceso de participaci\u00f3n \u201ccomo deber\u00eda producirse en una instituci\u00f3n como el Ayuntamiento\u201d.<\/p>\n<p><b>Calle Alc\u00e1zar de Toledo<\/b><\/p>\n<p><b>\u00a0<\/b>En este sentido, el l\u00edder de los socialistas asegura que el PSOE est\u00e1 a favor de la propuesta que los vecinos van a realizar a la Alcaldesa de que la calle pase a denominarse \u201cdel Parlamento\u201d porque cumple los criterios de la ley \u201cy encarna los valores democr\u00e1ticos que estos cambios deben conllevar\u201d. &#8220;Como m\u00ednimo es una propuesta que debe estudiarse&#8221;, afirma.<\/p>\n<p>El\u00a0portavoz del PSOE\u00a0explica que el Grupo Municipal Socialista vot\u00f3 a favor de cambiar la calle Alc\u00e1zar de Toledo por Cuesta de las \u00c1nimas en el Pleno del Ayuntamiento el pasado 31 de agosto de 2017 \u201cporque urge dar cumplimiento a la Ley de Memoria Hist\u00f3rica\u201d.\u00a0 Adem\u00e1s su votaci\u00f3n era conjunta con otras dos calles, la de <span lang=\"ES\">Divisi\u00f3n Azul y Columna Sagard\u00eda por calle de La Secada y calle de Las Rederas respectivamente.<\/span><\/p>\n<p>Sin embargo, como recuerda\u00a0Casares, los socialistas criticamos en el Pleno\u00a0la forma y el procedimiento en el que se establece el cambio de denominaci\u00f3n de estas calles de la ciudad, \u201cal que echamos en falta m\u00e1s participaci\u00f3n y m\u00e1s transparencia\u201d.<\/p>\n<p>A su vez, el concejal socialista\u00a0considera que \u201clo l\u00f3gico y razonable\u201d es que se produzca un debate sobre las propuestas, que sea previo a la elecci\u00f3n \u201ca criterio del equipo de gobierno\u201d. Y\u00a0que en ella cuente con las propuestas de los vecinos y las consideraciones de los grupos municipales y los expertos con los que cuenta la comisi\u00f3n de Acci\u00f3n\u00a0Cultural y Promoci\u00f3n Educativa para el an\u00e1lisis del cambio de calles.<\/p>\n<p>\u201cLos vecinos de las calles cuyo nombre debe ser cambiado como establece la Ley deben de poder participar en el proceso e implicarse en la b\u00fasqueda del nuevo nombre que tendr\u00e1 su calle\u201d explica el edil.<\/p>\n<p><b>Compromiso antes de finalizar la legislatura<\/b><\/p>\n<p>Por \u00faltimo, Pedro Casares pide que antes de finalizar la legislatura en 2019\u00a0se haya borrado del callejero de Santander \u201ccualquier recuerdo de represi\u00f3n y dolor que produjo la Guerra\u00a0Civil y la Dictadura\u201d. \u201cEs una cuesti\u00f3n solo de voluntad pol\u00edtica de acelerar el proceso, los plazos y dar as\u00ed cumplimiento definitivo a la ley\u201d subraya.<\/p>\n<p>El portavoz del PSOE\u00a0denuncia que\u00a0diez a\u00f1os despu\u00e9s de la aprobaci\u00f3n de la Ley de Memoria Hist\u00f3rica, el Ayuntamiento no ha realizado \u201ccon rapidez\u201d los cambios en el callejero \u201cy en 2017 seguimos inmersos en un proceso largo que no acaba de dilucidarse\u201d.\u00a0\u201cSantander merece que sus calles tengan cuanto antes un nombre digno, que reconcilie a esta ciudad con el pasado, y que se pongan en marcha las medidas necesarias para el cumplimiento de las exigencias de la ley de Memoria Hist\u00f3rica al completo\u201d concluye. <\/p>\n","protected":false},"excerpt":{"rendered":"<p>El\u00a0portavoz municipal del PSOE, Pedro Casares,\u00a0defiende que para el cambio de nombres de calles se cuente con la participaci\u00f3n de los santanderinos. Casares considera que\u00a0la forma en la que se deciden\u00a0en la actualidad\u00a0estos cambios de denominaci\u00f3n \u201cadolece\u201d de ser un verdadero proceso de participaci\u00f3n \u201ccomo deber\u00eda producirse en una instituci\u00f3n como el Ayuntamiento\u201d. Calle Alc\u00e1zar [&hellip;]<\/p>\n","protected":false},"author":2,"featured_media":827,"comment_status":"open","ping_status":"open","sticky":false,"template":"","format":"standard","meta":{"tdm_status":"","tdm_grid_status":"","footnotes":""},"categories":[20,16],"tags":[],"class_list":["post-995","post","type-post","status-publish","format-standard","has-post-thumbnail","hentry","category-santander","category-noticias-santander"],"_links":{"self":[{"href":"https:\/\/www.psc-psoe.es\/index.php\/wp-json\/wp\/v2\/posts\/995","targetHints":{"allow":["GET"]}}],"collection":[{"href":"https:\/\/www.psc-psoe.es\/index.php\/wp-json\/wp\/v2\/posts"}],"about":[{"href":"https:\/\/www.psc-psoe.es\/index.php\/wp-json\/wp\/v2\/types\/post"}],"author":[{"embeddable":true,"href":"https:\/\/www.psc-psoe.es\/index.php\/wp-json\/wp\/v2\/users\/2"}],"replies":[{"embeddable":true,"href":"https:\/\/www.psc-psoe.es\/index.php\/wp-json\/wp\/v2\/comments?post=995"}],"version-history":[{"count":0,"href":"https:\/\/www.psc-psoe.es\/index.php\/wp-json\/wp\/v2\/posts\/995\/revisions"}],"wp:featuredmedia":[{"embeddable":true,"href":"https:\/\/www.psc-psoe.es\/index.php\/wp-json\/wp\/v2\/media\/827"}],"wp:attachment":[{"href":"https:\/\/www.psc-psoe.es\/index.php\/wp-json\/wp\/v2\/media?parent=995"}],"wp:term":[{"taxonomy":"category","embeddable":true,"href":"https:\/\/www.psc-psoe.es\/index.php\/wp-json\/wp\/v2\/categories?post=995"},{"taxonomy":"post_tag","embeddable":true,"href":"https:\/\/www.psc-psoe.es\/index.php\/wp-json\/wp\/v2\/tags?post=995"}],"curies":[{"name":"wp","href":"https:\/\/api.w.org\/{rel}","templated":true}]}}