{"id":9934,"date":"2025-03-25T11:36:42","date_gmt":"2025-03-25T10:36:42","guid":{"rendered":"https:\/\/www.psc-psoe.es\/?p=9934"},"modified":"2025-03-25T11:36:42","modified_gmt":"2025-03-25T10:36:42","slug":"el-psoe-denuncia-que-gema-igual-solo-invirtio-tres-de-cada-diez-euros-en-2024-tiene-la-ciudad-paralizada","status":"publish","type":"post","link":"https:\/\/www.psc-psoe.es\/index.php\/2025\/03\/25\/el-psoe-denuncia-que-gema-igual-solo-invirtio-tres-de-cada-diez-euros-en-2024-tiene-la-ciudad-paralizada\/","title":{"rendered":"El PSOE denuncia que Gema Igual solo invirti\u00f3 tres de cada diez euros en 2024: \u201cTiene la ciudad paralizada\u201d"},"content":{"rendered":"<p style=\"text-align: justify;\">El portavoz del Grupo Municipal Socialista en el Ayuntamiento de Santander, Daniel Fern\u00e1ndez, ha denunciado que la alcaldesa de la ciudad, Gema Igual, solo invirti\u00f3 tres de cada diez euros presupuestados en 2024.<\/p>\n<p style=\"text-align: justify;\">Fern\u00e1ndez ha criticado que solo se haya ejecutado el 29,76% del presupuesto destinado a inversiones reales durante el a\u00f1o pasado. El portavoz de los socialistas santanderinos ha reaccionado as\u00ed tras conocer el Informe de Intervenci\u00f3n sobre el grado de ejecuci\u00f3n del presupuesto municipal de 2024.<\/p>\n<p style=\"text-align: justify;\">\u201cEs alarmante que Gema Igual y el PP no ejecuten el presupuesto municipal, no inviertan ni tan siquiera lo poco que proyectan cuando tienen la ciudad paralizada\u201d, ha se\u00f1alado el portavoz socialista.<\/p>\n<p style=\"text-align: justify;\"><strong>Fondos europeos sin ejecutar<\/strong><\/p>\n<p style=\"text-align: justify;\">As\u00ed, el portavoz de los socialistas santanderinos ha explicado que el cap\u00edtulo de inversiones solo ha llegado al 30% de ejecuci\u00f3n de un total de 75 millones que hab\u00eda presupuestados. \u201cUna gran parte de este montante se relaciona con los fondos europeos\u201d, ha recordado.<\/p>\n<p style=\"text-align: justify;\">\u201cAl equipo de gobierno del PP apenas les queda un a\u00f1o para llevarlos a cabo, son proyectos que vienen a transformar Santander pero siguen guardados en el caj\u00f3n y en 20 meses no se ha movilizado nada\u201d, ha afirmado Fern\u00e1ndez.<\/p>\n<p style=\"text-align: justify;\">\n<p style=\"text-align: justify;\">En este sentido, el portavoz socialista ha denunciado que \u201cel equipo de gobierno del Partido Popular demuestra que los fondos europeos del Plan de Recuperaci\u00f3n no son una prioridad, pues gran parte de ellos est\u00e1n sin ejecutar\u201d.<\/p>\n<p style=\"text-align: justify;\">Para Fern\u00e1ndez, \u201cen Santander todos los proyectos que avanzan y ven la luz son inversiones del Gobierno de Espa\u00f1a, ya sea en aspectos de movilidad gracias a los fondos europeos o en infraestructuras culturales como las naves de Gamazo, el centro asociado Reina Sof\u00eda o la biblioteca Men\u00e9ndez Pelayo, \u00edntegramente financiada por el Gobierno de Pedro S\u00e1nchez\u201d.<\/p>\n<p style=\"text-align: justify;\">\u201cAqu\u00ed no se mueve una baldosa, tenemos las calles, plazas y parques abandonados, el deterioro es alarmante mires en el barrio que mires y no hay un solo proyecto de inversi\u00f3n netamente municipal en marcha\u201d, ha denunciado.<\/p>\n<p style=\"text-align: justify;\">Para Fern\u00e1ndez, \u201cesa paralizaci\u00f3n a la que tiene sometida el PP a Santander es solo la evidencia de que no tienen ideas para gobernar ni proyectos para mirar al futuro y dibujar la ciudad de los pr\u00f3ximos a\u00f1os\u201d.<\/p>\n<p style=\"text-align: justify;\">Por otra parte, el portavoz de los socialistas santanderinos ha afirmado que \u201cun Ayuntamiento que tiene una ejecuci\u00f3n por debajo del 70% tiene un serio problema de gesti\u00f3n\u201d<\/p>\n<p style=\"text-align: justify;\">\u201cRespecto a los datos de la liquidaci\u00f3n del presupuesto, se demuestra que el Gobierno de Gema Igual ha recaudado m\u00e1s de los santanderinos y ha invertido menos en mejorar la ciudad\u201d, ha criticado Fern\u00e1ndez.<\/p>\n<p style=\"text-align: justify;\">En este sentido, el portavoz socialista ha se\u00f1alado que \u201cal final los que m\u00e1s pagamos somos los santanderinos, por mucho que diga la se\u00f1ora Igual cada vez que aprueba las ordenanzas fiscales, que pagamos menos\u201d.<\/p>\n<p style=\"text-align: justify;\">\u201cPagamos m\u00e1s impuestos que nunca por los peores servicios p\u00fablicos de la historia y las menores inversiones para mejorar nuestra calidad de vida\u201d, ha enfatizado Fernandez.<\/p>\n<p style=\"text-align: justify;\">Por \u00faltimo, Daniel Fern\u00e1ndez ha afirmado que \u201cpartidas fundamentales\u201d como la relativa a la limpieza, la recogida de basuras y desratizaci\u00f3n \u201cno se han ejecutado al 100% y se han dejado sin gastar 3 millones de euros\u201d o tampoco se ha invertido lo presupuestado para la cubrici\u00f3n de parques infantiles.<\/p>\n<p style=\"text-align: justify;\">\u201cTampoco se ha invertido lo presupuestado en mantenimiento de colegios p\u00fablicos y sus patios mientras colegios p\u00fablicos como el Men\u00e9ndez Pelayo est\u00e1n abandonados y se caen a pedazos. En definitiva, 39 millones de euros sin invertir que pasan a remanentes de Tesorer\u00eda mientras la ciudad est\u00e1 en su peor momento\u201d, ha concluido.<\/p>\n","protected":false},"excerpt":{"rendered":"<p>El portavoz del Grupo Municipal Socialista en el Ayuntamiento de Santander, Daniel Fern\u00e1ndez, ha denunciado que la alcaldesa de la ciudad, Gema Igual, solo invirti\u00f3 tres de cada diez euros presupuestados en 2024. Fern\u00e1ndez ha criticado que solo se haya ejecutado el 29,76% del presupuesto destinado a inversiones reales durante el a\u00f1o pasado. El portavoz [&hellip;]<\/p>\n","protected":false},"author":7,"featured_media":9935,"comment_status":"open","ping_status":"closed","sticky":false,"template":"","format":"standard","meta":{"tdm_status":"","tdm_grid_status":"","footnotes":""},"categories":[14,20,16,24,55,25],"tags":[],"class_list":["post-9934","post","type-post","status-publish","format-standard","has-post-thumbnail","hentry","category-notas-de-prensa","category-santander","category-noticias-santander","category-partido","category-arco-de-la-bahia","category-actualidad"],"_links":{"self":[{"href":"https:\/\/www.psc-psoe.es\/index.php\/wp-json\/wp\/v2\/posts\/9934","targetHints":{"allow":["GET"]}}],"collection":[{"href":"https:\/\/www.psc-psoe.es\/index.php\/wp-json\/wp\/v2\/posts"}],"about":[{"href":"https:\/\/www.psc-psoe.es\/index.php\/wp-json\/wp\/v2\/types\/post"}],"author":[{"embeddable":true,"href":"https:\/\/www.psc-psoe.es\/index.php\/wp-json\/wp\/v2\/users\/7"}],"replies":[{"embeddable":true,"href":"https:\/\/www.psc-psoe.es\/index.php\/wp-json\/wp\/v2\/comments?post=9934"}],"version-history":[{"count":1,"href":"https:\/\/www.psc-psoe.es\/index.php\/wp-json\/wp\/v2\/posts\/9934\/revisions"}],"predecessor-version":[{"id":9936,"href":"https:\/\/www.psc-psoe.es\/index.php\/wp-json\/wp\/v2\/posts\/9934\/revisions\/9936"}],"wp:featuredmedia":[{"embeddable":true,"href":"https:\/\/www.psc-psoe.es\/index.php\/wp-json\/wp\/v2\/media\/9935"}],"wp:attachment":[{"href":"https:\/\/www.psc-psoe.es\/index.php\/wp-json\/wp\/v2\/media?parent=9934"}],"wp:term":[{"taxonomy":"category","embeddable":true,"href":"https:\/\/www.psc-psoe.es\/index.php\/wp-json\/wp\/v2\/categories?post=9934"},{"taxonomy":"post_tag","embeddable":true,"href":"https:\/\/www.psc-psoe.es\/index.php\/wp-json\/wp\/v2\/tags?post=9934"}],"curies":[{"name":"wp","href":"https:\/\/api.w.org\/{rel}","templated":true}]}}