{"id":992,"date":"2017-11-03T18:03:23","date_gmt":"2017-11-03T17:03:23","guid":{"rendered":"http:\/\/psc-psoe.es\/?p=992"},"modified":"2019-02-19T13:34:41","modified_gmt":"2019-02-19T12:34:41","slug":"el-psoe-confia-en-que-esta-vez-el-proceso-de-eleccion-de-una-marca-que-identifique-a-santander-sea-riguroso","status":"publish","type":"post","link":"https:\/\/www.psc-psoe.es\/index.php\/2017\/11\/03\/el-psoe-confia-en-que-esta-vez-el-proceso-de-eleccion-de-una-marca-que-identifique-a-santander-sea-riguroso\/","title":{"rendered":"El PSOE conf\u00eda en que esta vez el proceso de elecci\u00f3n de una marca que identifique a Santander sea riguroso"},"content":{"rendered":"<p>El secretario de organizaci\u00f3n del PSOE y portavoz adjunto en el Ayuntamiento de Santander, Daniel Fern\u00e1ndez, cr\u00edtica los retrasos en\u00a0el proceso de selecci\u00f3n de la imagen de marca de la ciudad, \u201cque ha tardado dos a\u00f1os en iniciarse tras el esc\u00e1ndalo de plagio anterior\u201d.<\/p>\n<p>Se refiere as\u00ed al acuerdo aprobado por la Junta de Gobierno Local esta semana de las bases del concurso para la creaci\u00f3n de la marca gr\u00e1fica de la ciudad de Santander, as\u00ed como las remuneraciones de los finalistas y el ganador, despu\u00e9s de que en enero de 2016 el Ayuntamiento tuviera que anular el concurso anterior por plagios y erratas.<\/p>\n<p>Fern\u00e1ndez espera que esta vez el proceso de elecci\u00f3n de una marca que identifique a Santander sea riguroso \u201cy que la elecci\u00f3n de un jurado profesional como ha anunciado el equipo de gobierno sirva para que esta vez no se elija un logo plagiado y lleno de errores.<\/p>\n<p>\u201cEsperamos que la finalidad de este concurso esta vez pueda cumplirse y se logre tener un logo que identifique a la ciudad\u201d ha subrayado. No obstante, para el n\u00famero dos del PSOE, el equipo de gobierno del PP \u201cdeber\u00eda ser prudente a la hora de elegir adjetivos para calificar el proceso\u201d porque su gesti\u00f3n \u201cha dejado mucho que desear hasta el momento\u201d.<\/p>\n<p>A su vez, el edil denuncia que \u201ce<span lang=\"ES\">s vergonzoso\u201d que la oposici\u00f3n conozca por los medios de comunicaci\u00f3n un proceso como el de elecci\u00f3n de imagen de marca de Santander \u201cporque la transparencia y la daci\u00f3n de cuentas no son la marca del PP<\/span><span lang=\"ES\">\u201d.<\/span><\/p>\n<p>Y cr\u00edtica que desde que el 25 de enero de 2016 se celebr\u00f3 la reuni\u00f3n de la comisi\u00f3n de Innovaci\u00f3n, Turismo y Comercio, para debatir y analizar esos hechos, a propuesta del PSOE \u201cno se ha vuelto a contar para nada concerniente al logo con la oposici\u00f3n\u201d.<\/p>\n<p><b>Plagio en 2016<\/b><\/p>\n<p>Por \u00faltimo, Daniel Fern\u00e1ndez recuerda que el 11 de enero de 2016, unos d\u00edas antes de la celebraci\u00f3n de FITUR, se anunci\u00f3 la presentaci\u00f3n, donde los santanderinos y el sector tur\u00edsticos iban a poder votar para elegir la imagen que utilizar\u00e1 Santander para identificarse.<\/p>\n<p>Para ello, deb\u00edan decantarse por una de las tres posibles marcas desarrolladas por una empresa \u201cseleccionada por el equipo de gobierno\u201d, a quien les hab\u00eda adjudicado el trabajo en mayo de 2015,\u00a0\u201cen plena campa\u00f1a electoral\u201d por un importe\u00a0de 60.000 euros. El concejal socialista recuerda que, tras demostrarse que exist\u00edan serias dudas sobre la originalidad del trabajo, se rescindi\u00f3 el contrato con la empresa y se anul\u00f3 el proceso. <\/p>\n","protected":false},"excerpt":{"rendered":"<p>El secretario de organizaci\u00f3n del PSOE y portavoz adjunto en el Ayuntamiento de Santander, Daniel Fern\u00e1ndez, cr\u00edtica los retrasos en\u00a0el proceso de selecci\u00f3n de la imagen de marca de la ciudad, \u201cque ha tardado dos a\u00f1os en iniciarse tras el esc\u00e1ndalo de plagio anterior\u201d. Se refiere as\u00ed al acuerdo aprobado por la Junta de Gobierno [&hellip;]<\/p>\n","protected":false},"author":2,"featured_media":993,"comment_status":"open","ping_status":"open","sticky":false,"template":"","format":"standard","meta":{"tdm_status":"","tdm_grid_status":"","footnotes":""},"categories":[20,16],"tags":[],"class_list":["post-992","post","type-post","status-publish","format-standard","has-post-thumbnail","hentry","category-santander","category-noticias-santander"],"_links":{"self":[{"href":"https:\/\/www.psc-psoe.es\/index.php\/wp-json\/wp\/v2\/posts\/992","targetHints":{"allow":["GET"]}}],"collection":[{"href":"https:\/\/www.psc-psoe.es\/index.php\/wp-json\/wp\/v2\/posts"}],"about":[{"href":"https:\/\/www.psc-psoe.es\/index.php\/wp-json\/wp\/v2\/types\/post"}],"author":[{"embeddable":true,"href":"https:\/\/www.psc-psoe.es\/index.php\/wp-json\/wp\/v2\/users\/2"}],"replies":[{"embeddable":true,"href":"https:\/\/www.psc-psoe.es\/index.php\/wp-json\/wp\/v2\/comments?post=992"}],"version-history":[{"count":0,"href":"https:\/\/www.psc-psoe.es\/index.php\/wp-json\/wp\/v2\/posts\/992\/revisions"}],"wp:featuredmedia":[{"embeddable":true,"href":"https:\/\/www.psc-psoe.es\/index.php\/wp-json\/wp\/v2\/media\/993"}],"wp:attachment":[{"href":"https:\/\/www.psc-psoe.es\/index.php\/wp-json\/wp\/v2\/media?parent=992"}],"wp:term":[{"taxonomy":"category","embeddable":true,"href":"https:\/\/www.psc-psoe.es\/index.php\/wp-json\/wp\/v2\/categories?post=992"},{"taxonomy":"post_tag","embeddable":true,"href":"https:\/\/www.psc-psoe.es\/index.php\/wp-json\/wp\/v2\/tags?post=992"}],"curies":[{"name":"wp","href":"https:\/\/api.w.org\/{rel}","templated":true}]}}