{"id":983,"date":"2017-10-31T13:30:40","date_gmt":"2017-10-31T12:30:40","guid":{"rendered":"http:\/\/psc-psoe.es\/?p=983"},"modified":"2019-01-02T14:59:07","modified_gmt":"2019-01-02T13:59:07","slug":"el-psoe-firma-un-documento-con-la-pah-para-facilitar-en-las-cortes-generales-una-ley-estatal-de-vivienda","status":"publish","type":"post","link":"https:\/\/www.psc-psoe.es\/index.php\/2017\/10\/31\/el-psoe-firma-un-documento-con-la-pah-para-facilitar-en-las-cortes-generales-una-ley-estatal-de-vivienda\/","title":{"rendered":"El PSOE firma un documento con la PAH para facilitar en las Cortes Generales una Ley Estatal de Vivienda"},"content":{"rendered":"<p><span class=\"Apple-style-span\">El secretario general, Pablo Zuloaga, se ha reunido esta ma\u00f1ana con la Plataforma de Afectados por la Hipoteca (PAH) de Cantabria para mostrar su apoyo a la iniciativa popular con la que quieren poner en marcha una Ley de Vivienda Estatal \u201cpara hacer frente a la emergencia habitacional\u201d.<\/span><\/p>\n<p><span class=\"Apple-style-span\">\u00a0<\/span>Zuloaga agradece a la PAH \u201cla iniciativa de promover medidas que atiendan a las personas en casos de emergencia social\u201d que valora como una \u201cacci\u00f3n encomiable\u201d en defensa de \u201cquienes peor lo est\u00e1n pasando\u201d.<\/p>\n<p><span class=\"Apple-style-span\">\u00a0<\/span>\u201cLos socialistas de Cantabria nos hemos comprometido con la PAH en defender y promover la puesta en marcha de una Ley de Vivienda Estatal para hacer frente la emergencia habitacional y apoyamos que su texto se tramite y pueda ser debatido en el Congreso, compartiendo sus objetivos, su esp\u00edritu y la mayor parte de las medidas propuestas\u201d, seg\u00fan ha subrayado el secretario general de los socialistas.<\/p>\n<p>Por ello, el l\u00edder de los socialistas c\u00e1ntabros ha suscrito este compromiso con la presidenta del PAH de Santander, Mar\u00eda Antonia Luengo, en un acto en la sede del PSOE, al que han asistido la secretaria de Movimientos Sociales e Inmigraci\u00f3n, Eugenia G\u00f3mez de Diego y varios representantes del colectivo, en el que se compromete a apoyar la tramitaci\u00f3n de esta ley que recoge cinco propuestas por el derecho a la vivienda y contra los desahucios.<\/p>\n<p>Para el secretario general, \u201ces necesario hacer frente com\u00fan a la emergencia habitacional, con medidas concretas para dar respuesta a las necesidades de las personas que sufren la situaci\u00f3n de no tener una vivienda donde vivir\u201d.<\/p>\n<p>Y ha recordado que esta iniciativa es \u201cimportante\u201d adem\u00e1s de \u201cencomiable\u201d porque servir\u00e1 para exigir al Gobierno de Mariano Rajoy que se tramite una ley de estas caracter\u00edsticas \u201cya que en la actualidad el Gobierno ni est\u00e1 legislando ni est\u00e1 dejando legislar a las Comunidades Aut\u00f3nomas\u201d.<\/p>\n<p>Por ello, en el acuerdo, el PSOE de Cantabria y Zuloaga se comprometen a &#8220;exigir al Gobierno y a los grupos parlamentarios de las Cortes Generales a elaborar y presentar todas las iniciativas legislativas necesarias para hacer efectivas todas las propuestas recogidas en el documento\u201d. As\u00ed como a \u201capoyar y facilitar dentro de las disponibilidades presupuestarias, la implementaci\u00f3n normativa como pr\u00e1ctica de los contenidos de la legislaci\u00f3n b\u00e1sica que apruebe el estado en la materia\u201d. <\/p>\n","protected":false},"excerpt":{"rendered":"<p>El secretario general, Pablo Zuloaga, se ha reunido esta ma\u00f1ana con la Plataforma de Afectados por la Hipoteca (PAH) de Cantabria para mostrar su apoyo a la iniciativa popular con la que quieren poner en marcha una Ley de Vivienda Estatal \u201cpara hacer frente a la emergencia habitacional\u201d. \u00a0Zuloaga agradece a la PAH \u201cla iniciativa [&hellip;]<\/p>\n","protected":false},"author":2,"featured_media":984,"comment_status":"open","ping_status":"open","sticky":false,"template":"","format":"standard","meta":{"tdm_status":"","tdm_grid_status":"","footnotes":""},"categories":[24],"tags":[],"class_list":["post-983","post","type-post","status-publish","format-standard","has-post-thumbnail","hentry","category-partido"],"_links":{"self":[{"href":"https:\/\/www.psc-psoe.es\/index.php\/wp-json\/wp\/v2\/posts\/983","targetHints":{"allow":["GET"]}}],"collection":[{"href":"https:\/\/www.psc-psoe.es\/index.php\/wp-json\/wp\/v2\/posts"}],"about":[{"href":"https:\/\/www.psc-psoe.es\/index.php\/wp-json\/wp\/v2\/types\/post"}],"author":[{"embeddable":true,"href":"https:\/\/www.psc-psoe.es\/index.php\/wp-json\/wp\/v2\/users\/2"}],"replies":[{"embeddable":true,"href":"https:\/\/www.psc-psoe.es\/index.php\/wp-json\/wp\/v2\/comments?post=983"}],"version-history":[{"count":0,"href":"https:\/\/www.psc-psoe.es\/index.php\/wp-json\/wp\/v2\/posts\/983\/revisions"}],"wp:featuredmedia":[{"embeddable":true,"href":"https:\/\/www.psc-psoe.es\/index.php\/wp-json\/wp\/v2\/media\/984"}],"wp:attachment":[{"href":"https:\/\/www.psc-psoe.es\/index.php\/wp-json\/wp\/v2\/media?parent=983"}],"wp:term":[{"taxonomy":"category","embeddable":true,"href":"https:\/\/www.psc-psoe.es\/index.php\/wp-json\/wp\/v2\/categories?post=983"},{"taxonomy":"post_tag","embeddable":true,"href":"https:\/\/www.psc-psoe.es\/index.php\/wp-json\/wp\/v2\/tags?post=983"}],"curies":[{"name":"wp","href":"https:\/\/api.w.org\/{rel}","templated":true}]}}