{"id":972,"date":"2017-10-27T12:48:50","date_gmt":"2017-10-27T11:48:50","guid":{"rendered":"http:\/\/psc-psoe.es\/?p=972"},"modified":"2019-02-19T13:35:03","modified_gmt":"2019-02-19T12:35:03","slug":"psoe-y-prc-piden-un-pleno-extraordinario-para-que-pp-informe-de-las-consecuencias-de-la-anulacion-del-pgou","status":"publish","type":"post","link":"https:\/\/www.psc-psoe.es\/index.php\/2017\/10\/27\/psoe-y-prc-piden-un-pleno-extraordinario-para-que-pp-informe-de-las-consecuencias-de-la-anulacion-del-pgou\/","title":{"rendered":"PSOE y PRC piden un pleno extraordinario para que PP informe de las consecuencias de la anulaci\u00f3n del PGOU"},"content":{"rendered":"<p><span lang=\"ES\">Los Grupos Municipales de PSOE y PRC en el Ayuntamiento de Santander han hecho uso por primera vez del art\u00edculo 32 del Reglamento Org\u00e1nico del Pleno, por el que la Alcald\u00eda est\u00e1 obligada a convocar un pleno extraordinario si lo solicita la cuarta parte de los concejales de la Corporaci\u00f3n.<\/span><\/p>\n<p><span lang=\"ES\">El secretario general del PSOE y portavoz municipal, Pedro Casares, y el portavoz del Grupo Municipal Regionalista, Jos\u00e9 Mar\u00eda Fuentes Pila, quieren que el equipo de gobierno del Partido Popular informen con \u201cabsoluta transparencia\u201d de las consecuencias de la anulaci\u00f3n del Plan General de Ordenaci\u00f3n Urbana (PGOU) de 2012.<\/span><\/p>\n<p><span lang=\"ES\">Casares y Fuentes-Pila, acompa\u00f1ados del resto de ediles de sus grupos municipales, han registrado este vienes la solicitud de convocatoria de ese pleno extraordinario representando a m\u00e1s de la cuarta parte de la Corporaci\u00f3n, ya que suman 9 de los 27 concejales.<\/span><\/p>\n<p><span lang=\"ES\">Lo hacen tras conocer por los medios de comunicaci\u00f3n el pasado mi\u00e9rcoles que el Ayuntamiento tendr\u00e1 que devolver a la Fundaci\u00f3n Caja Cantabria 6,9 millones de euros del convenio urban\u00edstico de la parcela de la antigua residencia de Cazo\u00f1a.<\/span><\/p>\n<p><span lang=\"ES\">Ambos han denunciado que, tras la anulaci\u00f3n del plan, el equipo de Gobierno se comprometi\u00f3 a informar \u201ccon transparencia e informaci\u00f3n permanente\u201d de todas las afecciones y situaciones que se produjesen en relaci\u00f3n al PGOU y \u201cno ha hecho nada de eso\u201d.<\/span><\/p>\n<p><span lang=\"ES\">Para Casares y Fuentes-Pila, ante esta situaci\u00f3n es su obligaci\u00f3n hacer uso del art\u00edculo del Pleno que, conjuntamente, les permite forzar la convocatoria de una sesi\u00f3n extraordinaria que, seg\u00fan el Reglamento, la alcaldesa, Gema Igual, deber\u00e1 fijar fecha para ese Pleno en los pr\u00f3ximos 15 d\u00edas h\u00e1biles.<\/span><\/p>\n<p><span lang=\"ES\">De no hacerlo, \u201cquedar\u00e1 autom\u00e1ticamente convocado en el d\u00e9cimo d\u00eda h\u00e1bil siguiente\u201d. Es decir, si el PP no lo convoca antes del 17 de noviembre, ese Pleno se celebrar\u00e1 a principios de diciembre.<\/span><\/p>\n<p><span lang=\"ES\">Adem\u00e1s, en base al art\u00edculo 32 del Reglamento del Pleno, PSOE y PRC ya han establecido un orden del d\u00eda para esa sesi\u00f3n, aunque la alcaldesa podr\u00e1 modificarlos o excluir alguno de ellos siempre que esa decisi\u00f3n sea \u201cmotivada\u201d.<\/span><\/p>\n<p><b><span lang=\"ES\">Orden del d\u00eda del Pleno<\/span><\/b><\/p>\n<p><span lang=\"ES\">En su solicitud, socialistas y regionalistas proponen seis puntos, comenzado una explicaci\u00f3n del equipo de Gobierno sobre las consecuencias de la anulaci\u00f3n del PGOU en todos los proyectos contemplados en el mismo y un posterior debate.<\/span><\/p>\n<p><span lang=\"ES\">La sesi\u00f3n continuar\u00eda con informaci\u00f3n y debate de las modificaciones puntuales ya tramitadas o en proceso, as\u00ed como las que tenga previsto realizar el equipo de Gobierno.<\/span><\/p>\n<p><span lang=\"ES\">Tambi\u00e9n piden informaci\u00f3n detallada sobre la negociaci\u00f3n y el acuerdo con la Fundaci\u00f3n Caja Cantabria para la devoluci\u00f3n de los 6,9 millones de euros del convenio de la residencia de Cazo\u00f1a, as\u00ed como la posibilidad de que, dentro del plan de 1997 en vigor y con una modificaci\u00f3n puntual, se puedan volver a ampliar los usos de esa parcela y, de hacerlo, qu\u00e9 incidencia tendr\u00eda en la devoluci\u00f3n de ese montante.<\/span><\/p>\n<p><span lang=\"ES\">Adem\u00e1s, quieren que, en esa sesi\u00f3n extraordinaria, el PP informe de la estimaci\u00f3n del impacto econ\u00f3mico de la anulaci\u00f3n del PGOU de 2012 y sobre el expediente de redacci\u00f3n de un nuevo planeamiento y el calendario que se baraja para su tramitaci\u00f3n.<\/span><\/p>\n<p><span lang=\"ES\">Y es que, para Casares y Fuentes-Pila, &#8220;tener que hacer un nuevo plan general de ordenaci\u00f3n urbana para Santander es el mayor reto pol\u00edtico de esta legislatura&#8221; y, a pesar de ello, el PP se ha colocado en &#8220;una situaci\u00f3n escandalosa&#8221;.<\/span><\/p>\n<p><span lang=\"ES\">\u201cEl PP est\u00e1 incumpliendo su promesa de transparencia e informaci\u00f3n permanente porque, seg\u00fan han denunciado, la \u00faltima vez que se convoc\u00f3 la comisi\u00f3n sobre la anulaci\u00f3n del PGOU fue hace 10 meses, el 23 de enero\u201d denuncian.<\/span><\/p>\n<p><span lang=\"ES\">Socialistas y regionalistas consideran que \u201clo que est\u00e1 haciendo el PP es el mayor enga\u00f1o pol\u00edtico que recordamos en la ciudad\u201d.<\/span><\/p>\n<p><span lang=\"ES\">En este sentido, Casares ha recordado el PSOE ya advirti\u00f3 en 2012 que el hoy anulado PGOU era \u201cirreal e &#8220;ilegal\u201d, ha dicho que los &#8216;populares&#8217; dijeron que \u201cno habr\u00eda consecuencias para los santanderinos pero eso era falso y la anulaci\u00f3n costar\u00e1 millones de euros\u201d.<\/span><\/p>\n<p><span lang=\"ES\">Para el l\u00edder socialista, en ese pleno extraordinario y monogr\u00e1fico, los &#8216;populares&#8217; \u201cse van a ver obligados a decir la verdad y no s\u00f3lo a los concejales sino tambi\u00e9n a todos los ciudadanos de Santander\u201d. \u201cHemos hecho uso de ese art\u00edculo 32 del Reglamento del Pleno para poner punto y final a este enga\u00f1o y para que se empiece a construir el futuro de Santander con la verdad\u201d, ha a\u00f1adido el dirigente socialista.<\/span><\/p>\n<p><span lang=\"ES\">Por \u00faltimo, Pedro Casares ha recordado que \u201cno vamos a permitir m\u00e1s enga\u00f1os y, por eso, pedimos a la alcaldesa de Santander y al Partido Popular que convoque este pleno lo antes posible para empezar a construir un relato real de lo que est\u00e1 pasando\u201d.<\/span><\/p>\n<p><span lang=\"ES\">Para concluir, ha indicado que, en el borrador del presupuesto de 2018, el equipo de Gobierno ha metido ya, \u201cal menos que sepamos, tres millones de euros como consecuencia de la anulaci\u00f3n del PGOU\u201d, de los que dos ser\u00e1n para la compensaci\u00f3n a la Fundaci\u00f3n Caja Cantabria, 500.000 euros para empezar a redactar el nuevo plan general y otros 500.000 euros \u201cpara un proyecto anulado que no sabemos cu\u00e1l es\u201d.<\/span> <\/p>\n","protected":false},"excerpt":{"rendered":"<p>Los Grupos Municipales de PSOE y PRC en el Ayuntamiento de Santander han hecho uso por primera vez del art\u00edculo 32 del Reglamento Org\u00e1nico del Pleno, por el que la Alcald\u00eda est\u00e1 obligada a convocar un pleno extraordinario si lo solicita la cuarta parte de los concejales de la Corporaci\u00f3n. El secretario general del PSOE [&hellip;]<\/p>\n","protected":false},"author":2,"featured_media":973,"comment_status":"open","ping_status":"open","sticky":false,"template":"","format":"standard","meta":{"tdm_status":"","tdm_grid_status":"","footnotes":""},"categories":[20,16],"tags":[],"class_list":["post-972","post","type-post","status-publish","format-standard","has-post-thumbnail","hentry","category-santander","category-noticias-santander"],"_links":{"self":[{"href":"https:\/\/www.psc-psoe.es\/index.php\/wp-json\/wp\/v2\/posts\/972","targetHints":{"allow":["GET"]}}],"collection":[{"href":"https:\/\/www.psc-psoe.es\/index.php\/wp-json\/wp\/v2\/posts"}],"about":[{"href":"https:\/\/www.psc-psoe.es\/index.php\/wp-json\/wp\/v2\/types\/post"}],"author":[{"embeddable":true,"href":"https:\/\/www.psc-psoe.es\/index.php\/wp-json\/wp\/v2\/users\/2"}],"replies":[{"embeddable":true,"href":"https:\/\/www.psc-psoe.es\/index.php\/wp-json\/wp\/v2\/comments?post=972"}],"version-history":[{"count":0,"href":"https:\/\/www.psc-psoe.es\/index.php\/wp-json\/wp\/v2\/posts\/972\/revisions"}],"wp:featuredmedia":[{"embeddable":true,"href":"https:\/\/www.psc-psoe.es\/index.php\/wp-json\/wp\/v2\/media\/973"}],"wp:attachment":[{"href":"https:\/\/www.psc-psoe.es\/index.php\/wp-json\/wp\/v2\/media?parent=972"}],"wp:term":[{"taxonomy":"category","embeddable":true,"href":"https:\/\/www.psc-psoe.es\/index.php\/wp-json\/wp\/v2\/categories?post=972"},{"taxonomy":"post_tag","embeddable":true,"href":"https:\/\/www.psc-psoe.es\/index.php\/wp-json\/wp\/v2\/tags?post=972"}],"curies":[{"name":"wp","href":"https:\/\/api.w.org\/{rel}","templated":true}]}}