{"id":952,"date":"2017-10-24T18:34:08","date_gmt":"2017-10-24T17:34:08","guid":{"rendered":"http:\/\/psc-psoe.es\/?p=952"},"modified":"2019-02-19T13:35:34","modified_gmt":"2019-02-19T12:35:34","slug":"el-psoe-pide-que-el-ayuntamiento-desarrolle-un-plan-para-recuperar-el-talento-joven","status":"publish","type":"post","link":"https:\/\/www.psc-psoe.es\/index.php\/2017\/10\/24\/el-psoe-pide-que-el-ayuntamiento-desarrolle-un-plan-para-recuperar-el-talento-joven\/","title":{"rendered":"El PSOE pide que el Ayuntamiento desarrolle un plan para recuperar el talento joven"},"content":{"rendered":"<p><span lang=\"ES\">El secretario general del PSOE y portavoz municipal, Pedro Casares,\u00a0pedir\u00e1 en el pr\u00f3ximo Pleno del Ayuntamiento de Santander, este jueves 26 de octubre, que el Ayuntamiento desarrolle un plan para recuperar el talento joven.<\/span><\/p>\n<p><span lang=\"ES\">Casares quiere que <\/span>se cree un grupo de trabajo en el seno de la comisi\u00f3n de Econom\u00eda, Empleo y Desarrollo Empresarial del Ayuntamiento, para abordar la puesta en marcha de un fondo municipal destinado a establecer ayudas para incentivar el retorno y reinserci\u00f3n laboral de los j\u00f3venes que se han visto abocados a marcharse fuera de Santander.<\/p>\n<p><span lang=\"ES\">Adem\u00e1s del fondo, el l\u00edder socialista propone que el Ayuntamiento promueva bonificaciones, ayudas e incentivos o la exenci\u00f3n de determinados impuestos a aquellas empresas que contraten a dichos j\u00f3venes.<\/span><\/p>\n<p><span lang=\"ES\">\u201cQueremos que todos los grupos municipales nos comprometamos a hacer todos juntos una apuesta estrat\u00e9gica para que la generaci\u00f3n m\u00e1s formada de la historia de Santander pueda volver para desarrollar su proyecto de vida aqu\u00ed\u201d asegura el edil.<\/span><span lang=\"ES\">\u00a0<\/span><\/p>\n<p>Para el portavoz del PSOE, la crisis econ\u00f3mica y la ausencia de oportunidades laborales han sido las causantes de que muchos de los j\u00f3venes se hayan visto abocados a tener que labrarse un futuro fuera de Santander \u201cen busca de un trabajo digno para vivir\u201d. Por ello, considera que \u201cha llegado el momento de elaborar proyectos para ayudarles a que puedan volver\u201d.<\/p>\n<p>\u201cSantander tiene en la actualidad la misma poblaci\u00f3n que en los a\u00f1os 70, y llevamos a\u00f1os perdiendo m\u00e1s de 1.000 habitantes cada a\u00f1o,<span lang=\"ES\"> muchos de ellos j\u00f3venes que tras acabar su formaci\u00f3n tienen que emigrar buscando oportunidades fuera de nuestra ciudad\u201d subraya Casares.<\/span><\/p>\n<p><b><span lang=\"ES\">Partida presupuestaria de 500.000 euros<\/span><\/b><\/p>\n<p><span lang=\"ES\">El l\u00edder de los socialistas santanderinos propone establecer una partida en el presupuesto municipal para 2018 de 500.000 euros para poder desarrollar la iniciativa.<\/span><\/p>\n<p><span lang=\"ES\">En este sentido, el edil considera que es fundamental recuperar el talento emigrado para emprender la recuperaci\u00f3n econ\u00f3mica<\/span> y el cambio de modelo productivo que necesita Santander. \u201cMuchos de ellos han desarrollado una importante trayectoria profesional en dichos lugares, generando un importante capital humano, cuya recuperaci\u00f3n es de alto inter\u00e9s para la mejora del tejido econ\u00f3mico, social y empresarial de la ciudad\u201d defiende.<\/p>\n<p>Por \u00faltimo, Pedro Casares plantea que la mejor forma de ayudarles a regresar es \u00a0planteando ayudas econ\u00f3micas destinadas a instituciones de investigaci\u00f3n y desarrollo, empresas, y emprendedores que a trav\u00e9s de proyectos innovadores o de investigaci\u00f3n, promuevan el desarrollo econ\u00f3mico, social y productivo del municipio a trav\u00e9s de la contrataci\u00f3n de profesionales con cualificaci\u00f3n que est\u00e9n en el extranjero o fuera de Cantabria.<\/p>\n<p>&nbsp;<\/p>\n<p>Y tambi\u00e9n, estableciendo ayudas, bonificaciones e incentivos a las empresas, a la vez que se fomente la puesta en marcha proyectos empresariales en la ciudad, promovidos por estos retornantes, \u201cque aporten un valor a\u00f1adido al tejido empresarial y al desarrollo econ\u00f3mico y social de Santander\u201d. <\/p>\n","protected":false},"excerpt":{"rendered":"<p>El secretario general del PSOE y portavoz municipal, Pedro Casares,\u00a0pedir\u00e1 en el pr\u00f3ximo Pleno del Ayuntamiento de Santander, este jueves 26 de octubre, que el Ayuntamiento desarrolle un plan para recuperar el talento joven. Casares quiere que se cree un grupo de trabajo en el seno de la comisi\u00f3n de Econom\u00eda, Empleo y Desarrollo Empresarial [&hellip;]<\/p>\n","protected":false},"author":2,"featured_media":830,"comment_status":"open","ping_status":"open","sticky":false,"template":"","format":"standard","meta":{"tdm_status":"","tdm_grid_status":"","footnotes":""},"categories":[20,16],"tags":[],"class_list":["post-952","post","type-post","status-publish","format-standard","has-post-thumbnail","hentry","category-santander","category-noticias-santander"],"_links":{"self":[{"href":"https:\/\/www.psc-psoe.es\/index.php\/wp-json\/wp\/v2\/posts\/952","targetHints":{"allow":["GET"]}}],"collection":[{"href":"https:\/\/www.psc-psoe.es\/index.php\/wp-json\/wp\/v2\/posts"}],"about":[{"href":"https:\/\/www.psc-psoe.es\/index.php\/wp-json\/wp\/v2\/types\/post"}],"author":[{"embeddable":true,"href":"https:\/\/www.psc-psoe.es\/index.php\/wp-json\/wp\/v2\/users\/2"}],"replies":[{"embeddable":true,"href":"https:\/\/www.psc-psoe.es\/index.php\/wp-json\/wp\/v2\/comments?post=952"}],"version-history":[{"count":0,"href":"https:\/\/www.psc-psoe.es\/index.php\/wp-json\/wp\/v2\/posts\/952\/revisions"}],"wp:featuredmedia":[{"embeddable":true,"href":"https:\/\/www.psc-psoe.es\/index.php\/wp-json\/wp\/v2\/media\/830"}],"wp:attachment":[{"href":"https:\/\/www.psc-psoe.es\/index.php\/wp-json\/wp\/v2\/media?parent=952"}],"wp:term":[{"taxonomy":"category","embeddable":true,"href":"https:\/\/www.psc-psoe.es\/index.php\/wp-json\/wp\/v2\/categories?post=952"},{"taxonomy":"post_tag","embeddable":true,"href":"https:\/\/www.psc-psoe.es\/index.php\/wp-json\/wp\/v2\/tags?post=952"}],"curies":[{"name":"wp","href":"https:\/\/api.w.org\/{rel}","templated":true}]}}