{"id":947,"date":"2017-10-24T15:30:26","date_gmt":"2017-10-24T14:30:26","guid":{"rendered":"http:\/\/psc-psoe.es\/?p=947"},"modified":"2019-02-19T13:35:52","modified_gmt":"2019-02-19T12:35:52","slug":"la-oposicion-reitera-su-peticion-de-modificacion-del-impuesto-de-la-plusvalia","status":"publish","type":"post","link":"https:\/\/www.psc-psoe.es\/index.php\/2017\/10\/24\/la-oposicion-reitera-su-peticion-de-modificacion-del-impuesto-de-la-plusvalia\/","title":{"rendered":"La Oposici\u00f3n reitera su petici\u00f3n de modificaci\u00f3n del impuesto de la plusval\u00eda"},"content":{"rendered":"<p>PSOE, PRC, IU, Ganemos Santander S\u00ed Puede y el concejal no adscrito, Antonio Mantec\u00f3n, han presentado una moci\u00f3n, que se debatir\u00e1 en el pr\u00f3ximo Pleno del Ayuntamiento de Santander el jueves 26 de octubre, para que se modifique el impuesto <span lang=\"ES\">sobre el Incremento del Valor de los Terrenos de Naturaleza Urbana.<\/span><\/p>\n<p><span lang=\"ES\">Adem\u00e1s, piden en la moci\u00f3n i<\/span>nstar al Gobierno de Espa\u00f1a a que tome las medidas necesarias, de acuerdo con la FEMP, para adaptar el Impuesto sobre el Incremento del Valor de los Terrenos de Naturaleza Urbana a la doctrina del Tribunal Constitucional.<\/p>\n<p>Asimismo, los concejales quieren que el Ayuntamiento de Santander revise de oficio todas las liquidaciones practicadas de este impuesto desde la aprobaci\u00f3n de la modificaci\u00f3n de\u00a0 la ordenanza de 2015 y corregir as\u00ed los efectos de este requisito declarado ilegal por el TSJC.<\/p>\n<p>Por ello, la Oposici\u00f3n quiere que <span lang=\"ES\">la Junta de Gobierno Local modifique de forma urgente el art\u00edculo 10 de la Ordenanza Reguladora del impuesto de la plusval\u00eda para eliminar el requisito de residencia para poder disfrutar de la bonificaci\u00f3n prevista en el art\u00edculo 108.4 de la Ley Reguladora de las Haciendas Locales.<\/span><\/p>\n<p><b>Defender derechos de los santanderinos<\/b><\/p>\n<p>De esta forma, socialistas, regionalistas, IU, Ganemos y el concejal no adscrito, Antonio Mantec\u00f3n, piden al Partido Popular que defienda los intereses de los santanderinos en vez de ir en contra de ellos.<\/p>\n<p><span lang=\"ES\">Se refieren as\u00ed a la desestimaci\u00f3n por parte del Tribunal Superior de Justicia de Cantabria del recurso del Ayuntamiento a una sentencia que daba la raz\u00f3n a un ciudadano<\/span> <span lang=\"ES\">al que el Ayuntamiento no permit\u00eda acogerse a una bonificaci\u00f3n del 90% del impuesto de plusval\u00eda.<\/span><\/p>\n<p><span lang=\"ES\">De esta forma, aseguran que ha quedado demostrado que es contrario a la ley limitar la bonificaci\u00f3n de la plusval\u00eda municipal en caso de fallecimiento a los descendientes que han convivido con el fallecido los dos a\u00f1os anteriores al deceso, como ha ocurrido en este caso.<\/span><\/p>\n<p>Para la oposici\u00f3n, es \u201cahora obligado y urgente\u201d que se modifique la ordenanza reguladora de la plusval\u00eda para evitar que se sigan sometiendo a gravamen situaciones contrarias al principio de igualdad ante la ley, rotos por la arbitraria regulaci\u00f3n, y por tanto se suprima este requisito de la ordenanza de Santander que ha sido declarado inconstitucional.<\/p>\n<p>Para la oposici\u00f3n, \u201ces inadmisible\u201d que <span lang=\"ES\">el equipo de gobierno del PP recurriera una sentencia que daba la raz\u00f3n a un ciudadano, \u201cen vez de trabajar para que el Ayuntamiento vele por los intereses de este y del resto de vecinos\u201d modificando la ordenanza que regula <\/span>el impuesto sobre el Incremento del Valor de los Terrenos de Naturaleza Urbana.<\/p>\n<p><span lang=\"ES\">\u201cLa justicia ha tenido que imponerse ante la sinraz\u00f3n del Partido Popular que se ha negado a modificar la ordenanza que regula la plusval\u00eda y que contempla este requisito que es contrario a principios de igualdad y de capacidad econ\u00f3mica que rigen las normas tributarias\u201d concluyen.<\/span> <\/p>\n","protected":false},"excerpt":{"rendered":"<p>PSOE, PRC, IU, Ganemos Santander S\u00ed Puede y el concejal no adscrito, Antonio Mantec\u00f3n, han presentado una moci\u00f3n, que se debatir\u00e1 en el pr\u00f3ximo Pleno del Ayuntamiento de Santander el jueves 26 de octubre, para que se modifique el impuesto sobre el Incremento del Valor de los Terrenos de Naturaleza Urbana. Adem\u00e1s, piden en la [&hellip;]<\/p>\n","protected":false},"author":2,"featured_media":948,"comment_status":"open","ping_status":"open","sticky":false,"template":"","format":"standard","meta":{"tdm_status":"","tdm_grid_status":"","footnotes":""},"categories":[20,16],"tags":[],"class_list":["post-947","post","type-post","status-publish","format-standard","has-post-thumbnail","hentry","category-santander","category-noticias-santander"],"_links":{"self":[{"href":"https:\/\/www.psc-psoe.es\/index.php\/wp-json\/wp\/v2\/posts\/947","targetHints":{"allow":["GET"]}}],"collection":[{"href":"https:\/\/www.psc-psoe.es\/index.php\/wp-json\/wp\/v2\/posts"}],"about":[{"href":"https:\/\/www.psc-psoe.es\/index.php\/wp-json\/wp\/v2\/types\/post"}],"author":[{"embeddable":true,"href":"https:\/\/www.psc-psoe.es\/index.php\/wp-json\/wp\/v2\/users\/2"}],"replies":[{"embeddable":true,"href":"https:\/\/www.psc-psoe.es\/index.php\/wp-json\/wp\/v2\/comments?post=947"}],"version-history":[{"count":0,"href":"https:\/\/www.psc-psoe.es\/index.php\/wp-json\/wp\/v2\/posts\/947\/revisions"}],"wp:featuredmedia":[{"embeddable":true,"href":"https:\/\/www.psc-psoe.es\/index.php\/wp-json\/wp\/v2\/media\/948"}],"wp:attachment":[{"href":"https:\/\/www.psc-psoe.es\/index.php\/wp-json\/wp\/v2\/media?parent=947"}],"wp:term":[{"taxonomy":"category","embeddable":true,"href":"https:\/\/www.psc-psoe.es\/index.php\/wp-json\/wp\/v2\/categories?post=947"},{"taxonomy":"post_tag","embeddable":true,"href":"https:\/\/www.psc-psoe.es\/index.php\/wp-json\/wp\/v2\/tags?post=947"}],"curies":[{"name":"wp","href":"https:\/\/api.w.org\/{rel}","templated":true}]}}