{"id":942,"date":"2017-10-22T14:15:57","date_gmt":"2017-10-22T13:15:57","guid":{"rendered":"http:\/\/psc-psoe.es\/?p=942"},"modified":"2019-02-19T13:36:04","modified_gmt":"2019-02-19T12:36:04","slug":"el-psoe-exige-voluntad-politica-del-ayuntamiento-para-combatir-la-pobreza-y-la-exclusion-social-en-santande","status":"publish","type":"post","link":"https:\/\/www.psc-psoe.es\/index.php\/2017\/10\/22\/el-psoe-exige-voluntad-politica-del-ayuntamiento-para-combatir-la-pobreza-y-la-exclusion-social-en-santande\/","title":{"rendered":"El PSOE exige voluntad pol\u00edtica del Ayuntamiento para combatir la pobreza y la exclusi\u00f3n social en Santande"},"content":{"rendered":"<div class=\"mod-grid-inner best-news  cfx-module-element-editor-content\" data-id_unique=\"14863761459\">\n<div class=\"mod-grid-inner   cfx-module-element-editor-content\" data-id_unique=\"14863749659\">\n<div class=\"mod-grid-inner center-body  cfx-module-element-editor-content\" data-id_unique=\"14863754209\">\n<div class=\"mod-grid-inner padTop25  cfx-module-element-editor-content\" data-id_unique=\"14944262349\">\n<div class=\"cmodule stext padBot50 padTop15\" data-id_unique=\"14945008103922\">\n<div>\n<div>\n<div>\n<div>\n<div>\n<div>\n<div>\n<div>\n<div>\n<div>\n<p class=\"m_-5712487888030771298gmail-m1287579506139210528s13\"><span class=\"m_-5712487888030771298gmail-m1287579506139210528bumpedfont20\">El secretario general del PSOE y portavoz municipal, Pedro Casares,\u00a0exige voluntad pol\u00edtica al equipo de gobierno del Partido Popular en el Ayuntamiento de Santander para combatir la pobreza y la exclusi\u00f3n social en la ciudad.<\/span><\/p>\n<p class=\"m_-5712487888030771298gmail-m1287579506139210528s13\"><span class=\"m_-5712487888030771298gmail-m1287579506139210528bumpedfont20\">Casares pide \u201cun esfuerzo real y efectivo\u201d del Partido Popular un d\u00eda despu\u00e9s de celebrarse en Santander la Jornada\u00a0Popular contra la pobreza que organiza todos los a\u00f1os la Coordinadora C\u00e1ntabra de ONG para el Desarrollo y la Alianza C\u00e1ntabra.<\/span><\/p>\n<p class=\"m_-5712487888030771298gmail-m1287579506139210528s13\"><span class=\"m_-5712487888030771298gmail-m1287579506139210528bumpedfont20\"><b>Cifras dram\u00e1ticas en Santander<\/b><\/span><\/p>\n<p class=\"m_-5712487888030771298gmail-m1287579506139210528s13\"><span class=\"m_-5712487888030771298gmail-m1287579506139210528bumpedfont20\">El\u00a0portavoz del PSOE pide al Partido Popular \u201cque se comprometa de verdad contra la pobreza en\u00a0nuestra ciudad\u201d, a la vez que\u00a0recuerda que seg\u00fan los estudios de poblaci\u00f3n Santander\u00a0cuenta\u00a0con un 28,1% de personas en situaci\u00f3n de pobreza.<\/span><\/p>\n<p class=\"m_-5712487888030771298gmail-m1287579506139210528s13\"><span class=\"m_-5712487888030771298gmail-m1287579506139210528bumpedfont20\">\u201cLa exclusi\u00f3n social es invisible a los ojos de mucha gente porque quienes sufren situaciones de extrema vulnerabilidad en muchas ocasiones prefieren no dar un paso al frente en busca de ayuda por miedo al rechazo\u201d afirma el l\u00edder de los socialistas santanderinos.<\/span><\/p>\n<p class=\"m_-5712487888030771298gmail-m1287579506139210528s13\"><span class=\"m_-5712487888030771298gmail-m1287579506139210528bumpedfont20\">Para Casares, \u201ces dram\u00e1tico\u201d que Santander sea la\u00a0la primera capital del norte de Espa\u00f1a con mayor tasa de poblaci\u00f3n en riesgo de exclusi\u00f3n social y ocupe\u00a0el d\u00e9cimo puesto a nivel nacional.<\/span><\/p>\n<p class=\"m_-5712487888030771298gmail-m1287579506139210528s13\"><span class=\"m_-5712487888030771298gmail-m1287579506139210528bumpedfont20\">En este sentido, el edil\u00a0considera que \u201clas cifras y datos que reflejan la realidad que atraviesan muchas personas en nuestra ciudad\u00a0hace necesario que desde\u00a0el Ayuntamiento se ponga\u00a0todo el esfuerzo en facilitar al m\u00e1ximo los servicios que se prestan\u201d.<\/span><\/p>\n<p class=\"m_-5712487888030771298gmail-m1287579506139210528s13\"><span class=\"m_-5712487888030771298gmail-m1287579506139210528bumpedfont20\">Por ello, el\u00a0l\u00edder socialista espera que al conocer los datos de la Intervenci\u00f3n General sobre la ejecuci\u00f3n del presupuesto municipal \u201ceste a\u00f1o s\u00ed se haya invertido la partida del Fondo de Emergencia Social\u201d.\u00a0<\/span><\/p>\n<p class=\"m_-5712487888030771298gmail-m1287579506139210528s13\"><span class=\"m_-5712487888030771298gmail-m1287579506139210528bumpedfont20\">\u201cSer\u00eda\u00a0inadmisible que el\u00a0Partido Popular\u00a0deje sin gastar el\u00a0Fondo de Emergencia Social\u00a0para ayudar a las familias que m\u00e1s lo necesitan,\u00a0como ha ocurrido desde que se creo durante estos a\u00f1os,\u00a0permitiendo que situaciones de pobreza y exclusi\u00f3n se cronifiquen en Santander\u201d asegura.<\/span><\/p>\n<p class=\"m_-5712487888030771298gmail-m1287579506139210528s13\"><span class=\"m_-5712487888030771298gmail-m1287579506139210528bumpedfont20\"><b>Agradecimiento a las ONG<\/b><\/span><\/p>\n<p class=\"m_-5712487888030771298gmail-m1287579506139210528s13\"><span class=\"m_-5712487888030771298gmail-m1287579506139210528bumpedfont20\">Por \u00faltimo, Pedro Casares agradece la labor que realizan las ONGs, asociaciones y colectivos que luchan contra la desigualdad. \u201cUna tarea enorme para combatir las situaciones\u00a0de extrema vulnerabilidad que atraviesan muchas personas en nuestra ciudad y fuera de ella\u201d.<\/span><\/p>\n<p class=\"m_-5712487888030771298gmail-m1287579506139210528s13\"><span class=\"m_-5712487888030771298gmail-m1287579506139210528bumpedfont20\">\u201cLas personas\u00a0que trabajan y colaboran activamente en asociaciones y oeneg\u00e9s son un ejemplo para toda la sociedad, su esfuerzo y su compromiso para hacer una sociedad mejor debe servir de gu\u00eda para que las instituciones y administraciones refuercen su tarea para lograr objetivos tan necesarios como la erradicaci\u00f3n de la pobreza\u201d, concluye el l\u00edder socialista.<\/span><\/p>\n<\/div>\n<\/div>\n<\/div>\n<\/div>\n<\/div>\n<\/div>\n<\/div>\n<\/div>\n<\/div>\n<\/div>\n<\/div>\n<\/div>\n<\/div>\n<\/div>\n<\/div>\n","protected":false},"excerpt":{"rendered":"<p>El secretario general del PSOE y portavoz municipal, Pedro Casares,\u00a0exige voluntad pol\u00edtica al equipo de gobierno del Partido Popular en el Ayuntamiento de Santander para combatir la pobreza y la exclusi\u00f3n social en la ciudad. Casares pide \u201cun esfuerzo real y efectivo\u201d del Partido Popular un d\u00eda despu\u00e9s de celebrarse en Santander la Jornada\u00a0Popular contra [&hellip;]<\/p>\n","protected":false},"author":2,"featured_media":943,"comment_status":"open","ping_status":"open","sticky":false,"template":"","format":"standard","meta":{"tdm_status":"","tdm_grid_status":"","footnotes":""},"categories":[20,16],"tags":[],"class_list":["post-942","post","type-post","status-publish","format-standard","has-post-thumbnail","hentry","category-santander","category-noticias-santander"],"_links":{"self":[{"href":"https:\/\/www.psc-psoe.es\/index.php\/wp-json\/wp\/v2\/posts\/942","targetHints":{"allow":["GET"]}}],"collection":[{"href":"https:\/\/www.psc-psoe.es\/index.php\/wp-json\/wp\/v2\/posts"}],"about":[{"href":"https:\/\/www.psc-psoe.es\/index.php\/wp-json\/wp\/v2\/types\/post"}],"author":[{"embeddable":true,"href":"https:\/\/www.psc-psoe.es\/index.php\/wp-json\/wp\/v2\/users\/2"}],"replies":[{"embeddable":true,"href":"https:\/\/www.psc-psoe.es\/index.php\/wp-json\/wp\/v2\/comments?post=942"}],"version-history":[{"count":0,"href":"https:\/\/www.psc-psoe.es\/index.php\/wp-json\/wp\/v2\/posts\/942\/revisions"}],"wp:featuredmedia":[{"embeddable":true,"href":"https:\/\/www.psc-psoe.es\/index.php\/wp-json\/wp\/v2\/media\/943"}],"wp:attachment":[{"href":"https:\/\/www.psc-psoe.es\/index.php\/wp-json\/wp\/v2\/media?parent=942"}],"wp:term":[{"taxonomy":"category","embeddable":true,"href":"https:\/\/www.psc-psoe.es\/index.php\/wp-json\/wp\/v2\/categories?post=942"},{"taxonomy":"post_tag","embeddable":true,"href":"https:\/\/www.psc-psoe.es\/index.php\/wp-json\/wp\/v2\/tags?post=942"}],"curies":[{"name":"wp","href":"https:\/\/api.w.org\/{rel}","templated":true}]}}