{"id":938,"date":"2017-10-17T21:00:53","date_gmt":"2017-10-17T20:00:53","guid":{"rendered":"http:\/\/psc-psoe.es\/?p=938"},"modified":"2019-01-02T14:12:40","modified_gmt":"2019-01-02T13:12:40","slug":"pablo-zuloaga-defiende-la-comarcalizacion-del-psoe-para-mantener-un-contacto-directo-y-permanente-con-la-militancia-y-la-sociedad","status":"publish","type":"post","link":"https:\/\/www.psc-psoe.es\/index.php\/2017\/10\/17\/pablo-zuloaga-defiende-la-comarcalizacion-del-psoe-para-mantener-un-contacto-directo-y-permanente-con-la-militancia-y-la-sociedad\/","title":{"rendered":"Pablo Zuloaga defiende la comarcalizaci\u00f3n del PSOE para mantener un contacto directo y permanente con la militancia y la sociedad"},"content":{"rendered":"<p>El secretario general del PSOE de Cantabria, se reuni\u00f3 ayer con la militancia campurriana en la sede del PSOE de Reinosa. Hoy se reunir\u00e1 con la militancia en la agrupaci\u00f3n de San Vicente de la Barquera.<\/p>\n<p>Zuloaga prosigue as\u00ed con los encuentros con la militancia que comenz\u00f3 la semana pasada en Santander y Torrelavega, cumpliendo as\u00ed su compromiso anunciado en el proceso de primarias de reunirse peri\u00f3dicamente con la militancia.<\/p>\n<p>Acompa\u00f1ado por Agust\u00edn Molleda, secretario de Pol\u00edtica Municipal del PSOE, ha recordado que uno de los compromisos de la nueva direcci\u00f3n socialista es que potenciar\u00e1 la pol\u00edtica municipal \u201cpara que sirva como elemento vertebrador de la organizaci\u00f3n del partido&#8221;.<\/p>\n<p>\u201cNo solo me compromet\u00ed a recorrer todas las agrupaciones cada seis meses sino que adem\u00e1s hemos creado las secretarias comarcales para que haya un altavoz de la Comisi\u00f3n Ejecutiva Regional en cada parte del territorio\u201d explica.<\/p>\n<p>De esta forma, el l\u00edder de los socialistas c\u00e1ntabros quiere que se desarrolle una estrategia coordinada \u201cpara aumentar la voz y participaci\u00f3n de las agrupaciones\u201d en la toma de decisiones pol\u00edticas.<\/p>\n<p><strong>Comarcalizaci\u00f3n del PSOE<\/strong><\/p>\n<p>Durante su intervenci\u00f3n, ha defendido la comarcalizaci\u00f3n del PSOE para mantener un contacto directo con la militancia y la sociedad.<\/p>\n<p>As\u00ed, Zuloaga ha recordado que tras el XIII Congreso del PSOE, desde la Secretar\u00eda de Pol\u00edtica Municipal se coordina a las ocho secretar\u00edas ejecutivas comarcales, con las que el PSOE pretende estar en permanente contacto con la ciudadan\u00eda de cada rinc\u00f3n de Cantabria\u201d.<\/p>\n<p>\u201cNecesitamos conocer las necesidades de cada agrupaci\u00f3n y para eso no hay nada mejor como hacer un seguimiento diario de las propuestas a desarrollar y estar en contacto directo con los militantes, escuch\u00e1ndoles y convirtiendo sus ideas en propuestas a llevar a cabo\u201d subraya el dirigente socialista.<\/p>\n<p>As\u00ed, ha recordado que en Campoo, Sergio Balbot\u00edn; en As\u00f3n est\u00e1 C\u00e9sar Garc\u00eda; en Nansa, Mar\u00eda Guti\u00e9rrez; en Saja, Ana Isabel Via\u00f1a; en Trasmiera, Rosario Losa; en Ag\u00fcera, Pablo Antu\u00f1ano; en Li\u00e9bana, Roc\u00edo Rabago y en la comarca del Pas, Jos\u00e9 Ram\u00f3n Lecuna. A su vez, la gesti\u00f3n y la relaci\u00f3n con las juntas vecinales y concejales recae en la portavoz de PSOE de Castro Urdiales, Susana Herranz.<\/p>\n<p><strong>Compromisos de Rajoy con Cantabria<\/strong><\/p>\n<p>Por \u00faltimo, Pablo Zuloaga ha asegurado que el requerimiento formal realizado hoy por el Gobierno de Cantabria con la reclamaci\u00f3n de los 44 millones que el Estado adeuda por las obras del Hospital de Valdecilla \u201ces la demostraci\u00f3n de que el Gobierno de Rajoy no cumple con Cantabria\u201d.<\/p>\n<p>En este sentido, el l\u00edder socialista c\u00e1ntabro se ha referido a los anuncios de inversiones realizadas ayer por el ministro de Fomento, \u00cd\u00f1igo de la Serna. A este respecto, ha pedido al Partido Popular \u201cm\u00e1s compromisos sobre el papel y menos anuncios con los que prometen mucho y cumplen poco\u201d.<\/p>\n<p>\u201cMuchos son los ejemplos de la falta de compromiso del Gobierno de Mariano Rajoy con Cantabria que nos hacen dudar de la palabra del ministro de Fomento\u201d ha destacado el l\u00edder socialista.<\/p>\n<p>Adem\u00e1s, ha recordado que el Ministerio de Fomento ha reducido un 35,2 por ciento su licitaci\u00f3n oficial de inversiones en Cantabria en el periodo enero- junio de 2017 y esta reducci\u00f3n se suma al 67,7 por ciento que ya se produjo en el periodo enero- diciembre de 2016. \u201cEsos son los datos reales de la inversi\u00f3n de De la Serna en Cantabria a d\u00eda de hoy sin tener en cuenta todos sus anuncios\u201d concluye.<\/p>\n<p>&nbsp; <\/p>\n","protected":false},"excerpt":{"rendered":"<p>El secretario general del PSOE de Cantabria, se reuni\u00f3 ayer con la militancia campurriana en la sede del PSOE de Reinosa. Hoy se reunir\u00e1 con la militancia en la agrupaci\u00f3n de San Vicente de la Barquera. Zuloaga prosigue as\u00ed con los encuentros con la militancia que comenz\u00f3 la semana pasada en Santander y Torrelavega, cumpliendo [&hellip;]<\/p>\n","protected":false},"author":2,"featured_media":882,"comment_status":"open","ping_status":"open","sticky":false,"template":"","format":"standard","meta":{"tdm_status":"","tdm_grid_status":"","footnotes":""},"categories":[24],"tags":[],"class_list":["post-938","post","type-post","status-publish","format-standard","has-post-thumbnail","hentry","category-partido"],"_links":{"self":[{"href":"https:\/\/www.psc-psoe.es\/index.php\/wp-json\/wp\/v2\/posts\/938","targetHints":{"allow":["GET"]}}],"collection":[{"href":"https:\/\/www.psc-psoe.es\/index.php\/wp-json\/wp\/v2\/posts"}],"about":[{"href":"https:\/\/www.psc-psoe.es\/index.php\/wp-json\/wp\/v2\/types\/post"}],"author":[{"embeddable":true,"href":"https:\/\/www.psc-psoe.es\/index.php\/wp-json\/wp\/v2\/users\/2"}],"replies":[{"embeddable":true,"href":"https:\/\/www.psc-psoe.es\/index.php\/wp-json\/wp\/v2\/comments?post=938"}],"version-history":[{"count":0,"href":"https:\/\/www.psc-psoe.es\/index.php\/wp-json\/wp\/v2\/posts\/938\/revisions"}],"wp:featuredmedia":[{"embeddable":true,"href":"https:\/\/www.psc-psoe.es\/index.php\/wp-json\/wp\/v2\/media\/882"}],"wp:attachment":[{"href":"https:\/\/www.psc-psoe.es\/index.php\/wp-json\/wp\/v2\/media?parent=938"}],"wp:term":[{"taxonomy":"category","embeddable":true,"href":"https:\/\/www.psc-psoe.es\/index.php\/wp-json\/wp\/v2\/categories?post=938"},{"taxonomy":"post_tag","embeddable":true,"href":"https:\/\/www.psc-psoe.es\/index.php\/wp-json\/wp\/v2\/tags?post=938"}],"curies":[{"name":"wp","href":"https:\/\/api.w.org\/{rel}","templated":true}]}}