{"id":9358,"date":"2024-11-12T13:38:35","date_gmt":"2024-11-12T12:38:35","guid":{"rendered":"https:\/\/www.psc-psoe.es\/?p=9358"},"modified":"2024-11-12T13:38:35","modified_gmt":"2024-11-12T12:38:35","slug":"zuloaga-traslada-su-apoyo-al-comite-de-empresa-de-cantur-frente-a-la-privatizacion-del-pp-en-la-corza-blanca-y-alto-campoo","status":"publish","type":"post","link":"https:\/\/www.psc-psoe.es\/index.php\/2024\/11\/12\/zuloaga-traslada-su-apoyo-al-comite-de-empresa-de-cantur-frente-a-la-privatizacion-del-pp-en-la-corza-blanca-y-alto-campoo\/","title":{"rendered":"Zuloaga traslada su apoyo al Comit\u00e9 de Empresa de CANTUR frente a la privatizaci\u00f3n del PP en La Corza Blanca y Alto Campoo"},"content":{"rendered":"<p style=\"font-weight: 400;\"><strong>Santander, 12 de noviembre del 2024. <\/strong>El secretario general del PSC-PSOE y portavoz parlamentario, Pablo Zuloaga, ha manifestado su apoyo al Comit\u00e9 de Empresa de CANTUR en la \u201cdefensa de los servicios p\u00fablicos\u201d y ha exigido al Gobierno regional del PP que \u201cno privatice m\u00e1s en Cantabria\u201d.<\/p>\n<p style=\"font-weight: 400;\">As\u00ed se lo ha trasladado al Comit\u00e9 de Empresa de CANTUR en un encuentro celebrado este martes en el Parlamento de Cantabria para abordar \u201cparticularmente\u201d la privatizaci\u00f3n del Hotel la Corza Blanca y la hosteler\u00eda de la estaci\u00f3n de esqu\u00ed de Alto Campoo.<\/p>\n<p style=\"font-weight: 400;\">Zuloaga ha agradecido \u201cla iniciativa que est\u00e1n llevando adelante para defender que las instalaciones p\u00fablicas sigan siendo p\u00fablicas en contra de las privatizaciones del PP\u201d, as\u00ed como \u201cel trabajo que vienen haciendo para defender los recursos tur\u00edsticos de Cantabria y para generar econom\u00eda en tantos lugares de nuestra comunidad aut\u00f3noma\u201d.<\/p>\n<p style=\"font-weight: 400;\">Respecto a los planes del Gobierno del PP en La Corza Blanca, a juicio de Zuloaga, \u201ces el momento de hablar claro y desmontar los bulos que Mar\u00eda Jos\u00e9 S\u00e1enz de Buruaga y su Gobierno est\u00e1n poniendo encima de la mesa\u201d.<\/p>\n<p style=\"font-weight: 400;\">El portavoz parlamentario del PSOE ha recordado que \u201ces un hotel construido en un terreno p\u00fablico del Ayuntamiento de Hermandad de Campo de Suso, construido con los recursos p\u00fablicos de los presupuestos del Gobierno de Cantabria y gestionado por una empresa p\u00fablica como es CANTUR\u201d.<\/p>\n<p style=\"font-weight: 400;\">\u201cAhora pretenden que sea gestionado directamente por una empresa catalana, decidida a dedo por el propio Gobierno de Cantabria\u201d, y ha denunciado que \u201ces una privatizaci\u00f3n, se mire como se mire\u201d, porque \u201cno va a haber ning\u00fan proceso de contrataci\u00f3n p\u00fablica y es una privatizaci\u00f3n al que alguien en el Gobierno de Cantabria ha decidido sin ning\u00fan tipo de publicidad o concurso\u201d.<\/p>\n<p style=\"font-weight: 400;\">\u201cEste es un hecho incontestable y desmiente todas las explicaciones del PP. La privatizaci\u00f3n es algo indiscutible\u201d, ha reiterado. Y ha lamentado las contradicciones en el discurso del PP, que \u201ccomo en Valencia, cada d\u00eda buscan una explicaci\u00f3n diferente\u201d, ya que el d\u00eda 6 \u201chablaban de una externalizaci\u00f3n de servicios y que el Gobierno de Cantabria tiene comprometido un mill\u00f3n de euros de inversiones en dos a\u00f1os\u201d, mientras que una carta a los trabajadores y trabajadoras enviada por la directora de CANTUR, Inma Mier, en la que \u201cviene a decir que la empresa asume todos los gastos\u201d.<\/p>\n<p style=\"font-weight: 400;\">Por lo tanto, el portavoz parlamentario se ha preguntado \u201cqui\u00e9n miente\u201d, si la directora de Cantur o el consejero \u201ccuando nos intenta decir que el Gobierno de Cantabria tiene la obligaci\u00f3n ahora de invertir m\u00e1s\u201d.<\/p>\n<figure id=\"attachment_9360\" aria-describedby=\"caption-attachment-9360\" style=\"width: 571px\" class=\"wp-caption aligncenter\"><img loading=\"lazy\" decoding=\"async\" class=\" wp-image-9360\" src=\"https:\/\/www.psc-psoe.es\/wp-content\/uploads\/2024\/11\/241112-PSOE-Cantabria_Reunion-Comite-Empresa_Privatizacion-La-Corza-Blanca_2-300x167.jpg\" alt=\"\" width=\"571\" height=\"318\" srcset=\"https:\/\/www.psc-psoe.es\/wp-content\/uploads\/2024\/11\/241112-PSOE-Cantabria_Reunion-Comite-Empresa_Privatizacion-La-Corza-Blanca_2-300x167.jpg 300w, https:\/\/www.psc-psoe.es\/wp-content\/uploads\/2024\/11\/241112-PSOE-Cantabria_Reunion-Comite-Empresa_Privatizacion-La-Corza-Blanca_2-1024x569.jpg 1024w, https:\/\/www.psc-psoe.es\/wp-content\/uploads\/2024\/11\/241112-PSOE-Cantabria_Reunion-Comite-Empresa_Privatizacion-La-Corza-Blanca_2-768x427.jpg 768w, https:\/\/www.psc-psoe.es\/wp-content\/uploads\/2024\/11\/241112-PSOE-Cantabria_Reunion-Comite-Empresa_Privatizacion-La-Corza-Blanca_2-696x387.jpg 696w, https:\/\/www.psc-psoe.es\/wp-content\/uploads\/2024\/11\/241112-PSOE-Cantabria_Reunion-Comite-Empresa_Privatizacion-La-Corza-Blanca_2-1068x594.jpg 1068w, https:\/\/www.psc-psoe.es\/wp-content\/uploads\/2024\/11\/241112-PSOE-Cantabria_Reunion-Comite-Empresa_Privatizacion-La-Corza-Blanca_2-756x420.jpg 756w, https:\/\/www.psc-psoe.es\/wp-content\/uploads\/2024\/11\/241112-PSOE-Cantabria_Reunion-Comite-Empresa_Privatizacion-La-Corza-Blanca_2.jpg 1128w\" sizes=\"auto, (max-width: 571px) 100vw, 571px\" \/><figcaption id=\"caption-attachment-9360\" class=\"wp-caption-text\">El secretario general del PSC-PSOE y portavoz parlamentario, Pablo Zuloaga, durante la atenci\u00f3n a medios de comunicaci\u00f3n posterior a la reuni\u00f3n.<\/figcaption><\/figure>\n<p style=\"font-weight: 400;\"><strong>Interpelaci\u00f3n parlamentaria y solicitud de documentaci\u00f3n<\/strong><\/p>\n<p style=\"font-weight: 400;\">En este sentido, ha recordado que \u201ctendremos la oportunidad de escuchar las explicaciones del consejero en una interpelaci\u00f3n que ya hemos registrado desde el Partido Socialista para ser debatida el lunes 25 de noviembre en el Pleno del Parlamento y donde exigiremos respuestas\u201d<\/p>\n<p style=\"font-weight: 400;\">Tambi\u00e9n sobre \u201cotra de las cuestiones que est\u00e1n poniendo encima de la mesa es que hay una situaci\u00f3n econ\u00f3mica compleja en la gesti\u00f3n del hotel La Corza Blanca y aducen los resultados de los \u00faltimos cuatro ejercicios\u201d. Al respecto, ha subrayado que el a\u00f1o 2020 fue el de la pandemia, 2021 el de las limitaciones de movilidad entre las comunidades aut\u00f3nomas y con restricciones, y \u00a02022 y 2023 con temporadas de esqu\u00ed escasas en Alto Campoo \u201ccomo todos recordamos perfectamente\u201d.<\/p>\n<p style=\"font-weight: 400;\">\u201cMar\u00eda Jos\u00e9 Sa\u00e9nz de Buruaga lleva la al frente de la gesti\u00f3n 15 meses y tiene una alta responsabilidad en el momento en el que mejor pod\u00eda haber funcionado el hotel, que es en el \u00faltimo a\u00f1o donde Cantabria ha tenido unas tasas de ocupaci\u00f3n tur\u00edsticas extraordinarias\u201d, ha a\u00f1adido, por lo que \u201ctambi\u00e9n tendr\u00e1n que explicar por qu\u00e9 un recurso tur\u00edstico como La Corza Blanca, el PP ha decidido mantenerlo cerrado en un a\u00f1o especialmente bueno para el turismo en cada una de las comarcas de Cantabria\u201d.<\/p>\n<p style=\"font-weight: 400;\">Zuloaga tambi\u00e9n ha recordado la solicitud de documentaci\u00f3n del convenio p\u00fablico-privado anunciado por el consejero, registrada por el Grupo Parlamentario Socialista el mismo d\u00eda 6 de noviembre. \u201cPor lo tanto, si cumplen los plazos, el d\u00eda 26 de noviembre deberemos de tener ese convenio y haremos p\u00fablico lo que aparezca, porque creemos que lo fundamental en unas buenas pr\u00e1cticas democr\u00e1ticas es que el Gobierno d\u00e9 explicaciones que hasta ahora no lo est\u00e1 haciendo\u201d.<\/p>\n","protected":false},"excerpt":{"rendered":"<p>Santander, 12 de noviembre del 2024. El secretario general del PSC-PSOE y portavoz parlamentario, Pablo Zuloaga, ha manifestado su apoyo al Comit\u00e9 de Empresa de CANTUR en la \u201cdefensa de los servicios p\u00fablicos\u201d y ha exigido al Gobierno regional del PP que \u201cno privatice m\u00e1s en Cantabria\u201d. As\u00ed se lo ha trasladado al Comit\u00e9 de [&hellip;]<\/p>\n","protected":false},"author":6,"featured_media":9359,"comment_status":"open","ping_status":"closed","sticky":false,"template":"","format":"standard","meta":{"tdm_status":"","tdm_grid_status":"","footnotes":""},"categories":[14,25],"tags":[],"class_list":["post-9358","post","type-post","status-publish","format-standard","has-post-thumbnail","hentry","category-notas-de-prensa","category-actualidad"],"_links":{"self":[{"href":"https:\/\/www.psc-psoe.es\/index.php\/wp-json\/wp\/v2\/posts\/9358","targetHints":{"allow":["GET"]}}],"collection":[{"href":"https:\/\/www.psc-psoe.es\/index.php\/wp-json\/wp\/v2\/posts"}],"about":[{"href":"https:\/\/www.psc-psoe.es\/index.php\/wp-json\/wp\/v2\/types\/post"}],"author":[{"embeddable":true,"href":"https:\/\/www.psc-psoe.es\/index.php\/wp-json\/wp\/v2\/users\/6"}],"replies":[{"embeddable":true,"href":"https:\/\/www.psc-psoe.es\/index.php\/wp-json\/wp\/v2\/comments?post=9358"}],"version-history":[{"count":1,"href":"https:\/\/www.psc-psoe.es\/index.php\/wp-json\/wp\/v2\/posts\/9358\/revisions"}],"predecessor-version":[{"id":9361,"href":"https:\/\/www.psc-psoe.es\/index.php\/wp-json\/wp\/v2\/posts\/9358\/revisions\/9361"}],"wp:featuredmedia":[{"embeddable":true,"href":"https:\/\/www.psc-psoe.es\/index.php\/wp-json\/wp\/v2\/media\/9359"}],"wp:attachment":[{"href":"https:\/\/www.psc-psoe.es\/index.php\/wp-json\/wp\/v2\/media?parent=9358"}],"wp:term":[{"taxonomy":"category","embeddable":true,"href":"https:\/\/www.psc-psoe.es\/index.php\/wp-json\/wp\/v2\/categories?post=9358"},{"taxonomy":"post_tag","embeddable":true,"href":"https:\/\/www.psc-psoe.es\/index.php\/wp-json\/wp\/v2\/tags?post=9358"}],"curies":[{"name":"wp","href":"https:\/\/api.w.org\/{rel}","templated":true}]}}