{"id":934,"date":"2017-10-17T14:05:29","date_gmt":"2017-10-17T13:05:29","guid":{"rendered":"http:\/\/psc-psoe.es\/?p=934"},"modified":"2019-02-19T13:36:18","modified_gmt":"2019-02-19T12:36:18","slug":"el-psoe-recuerda-al-pp-que-devolver-el-ibi-a-los-vecinos-por-el-catastrazo-es-su-obligacion","status":"publish","type":"post","link":"https:\/\/www.psc-psoe.es\/index.php\/2017\/10\/17\/el-psoe-recuerda-al-pp-que-devolver-el-ibi-a-los-vecinos-por-el-catastrazo-es-su-obligacion\/","title":{"rendered":"El PSOE recuerda al PP que devolver el IBI a los vecinos por el catastrazo &#8220;es su obligaci\u00f3n&#8221;"},"content":{"rendered":"<p class=\"m_-4911105404102566752gmail-m-3289040846899276516s13\"><span class=\"m_-4911105404102566752gmail-m-3289040846899276516bumpedfont20\">El secretario general del PSOE y portavoz municipal, Pedro Casares,\u00a0recuerda al Partido Popular que devolver el\u00a0Impuesto de Bienes Inmuebles\u00a0(IBI)\u00a0a los vecinos afectados por el catastrazo \u201ces su obligaci\u00f3n\u201d.<\/span><\/p>\n<p class=\"m_-4911105404102566752gmail-m-3289040846899276516s13\"><span class=\"m_-4911105404102566752gmail-m-3289040846899276516bumpedfont20\">Casares asegura que\u00a0\u201ces de justicia\u201d que el Ayuntamiento devuelva a todos estos vecinos lo cobrado de m\u00e1s en sus recibos del IBI como consecuencia de la anulaci\u00f3n del PGOU.\u00a0<\/span><\/p>\n<p class=\"m_-4911105404102566752gmail-m-3289040846899276516s13\"><span class=\"m_-4911105404102566752gmail-m-3289040846899276516bumpedfont20\">Responde as\u00ed al anuncio realizado hoy por el equipo de gobierno del Partido Popular de que\u00a0revisar\u00e1 de oficio los recibos del\u00a0IBI\u00a0afectados por la resoluci\u00f3n del Tribunal Econ\u00f3mico-Administrativo.<\/span><\/p>\n<p class=\"m_-4911105404102566752gmail-m-3289040846899276516s13\"><span class=\"m_-4911105404102566752gmail-m-3289040846899276516bumpedfont20\">El l\u00edder de los socialistas santanderinos\u00a0afirma que al\u00a0Partido Popular\u00a0no le ha quedado m\u00e1s remedio que\u00a0asumir que debe revisar de oficio los recibos del\u00a0IBI, como ha pedido en reiteradas ocasiones el\u00a0PSOE, ante la presi\u00f3n de los vecinos y de la oposici\u00f3n.\u00a0<\/span><\/p>\n<p class=\"m_-4911105404102566752gmail-m-3289040846899276516s13\"><span class=\"m_-4911105404102566752gmail-m-3289040846899276516bumpedfont20\">\u201cEs triste tener que recordar que cuando\u00a0el\u00a0Tribunal Econ\u00f3mico-Administrativo\u00a0resol<wbr \/>vi\u00f3 a favor de los vecinos estimando sus recursos contra el catastrazo, el equipo de gobierno se\u00a0planteaba\u00a0recurrir el fallo\u00a0ante la Sala de lo Contencioso Administrativo del Tribunal Superior de Justicia de Cantabria\u00a0en vez de velar por los intereses de los santanderinos\u201d critica el edil.<\/span><\/p>\n<p class=\"m_-4911105404102566752gmail-m-3289040846899276516s23\"><span class=\"m_-4911105404102566752gmail-m-3289040846899276516bumpedfont20\"><b>Indefensi\u00f3n de los vecinos ante el catastrazo<\/b><\/span><\/p>\n<p class=\"m_-4911105404102566752gmail-m-3289040846899276516s23\"><span class=\"m_-4911105404102566752gmail-m-3289040846899276516bumpedfont20\">Por\u00a0ello,\u00a0Casares ha\u00a0pedido al equipo de gobierno que actu\u00e9 con rapidez \u201cpara que cuanto antes los vecinos recuperen el dinero que pagaron de m\u00e1s y que les pertenece\u201d.\u00a0A la vez que exige que no vuelva a ocurrir que el Ayuntamiento\u00a0\u201cd\u00e9 la espalda a los problemas de los santanderinos y estos tengan que recurrir a la justicia para defenderse\u201d.<\/span><\/p>\n<p class=\"m_-4911105404102566752gmail-m-3289040846899276516s23\"><span class=\"m_-4911105404102566752gmail-m-3289040846899276516bumpedfont20\">\u201cLos<b>\u00a0<\/b>vecinos de la zona norte recibieron notificaciones de revisiones catastrales, motivadas por la anulaci\u00f3n del PGOU, que presentaban un enorme descenso despu\u00e9s de aumentos de entre 400 y un 600% y ante la falta de respuesta del Ayuntamiento, presentaron recursos y los ganaron\u201d recuerda.<\/span><\/p>\n<p class=\"m_-4911105404102566752gmail-m-3289040846899276516s13\"><span class=\"m_-4911105404102566752gmail-m-3289040846899276516bumpedfont20\"><b>Tribunal Econ\u00f3mico Administrativo<\/b><\/span><\/p>\n<p class=\"m_-4911105404102566752gmail-m-3289040846899276516s13\"><span class=\"m_-4911105404102566752gmail-m-3289040846899276516bumpedfont20\">Por \u00faltimo, Pedro Casares\u00a0recuerda que el Tribunal Econ\u00f3mico-Administrativo estim\u00f3 m\u00e1s de 600 recursos de vecinos de Cueto, Monte y San Rom\u00e1n contra la revisi\u00f3n de los valores catastrales con la aprobaci\u00f3n del PGOU.<\/span><\/p>\n<p class=\"m_-4911105404102566752gmail-m-3289040846899276516s13\"><span class=\"m_-4911105404102566752gmail-m-3289040846899276516bumpedfont20\">\u201cCuando el\u00a0Tribunal\u00a0resolvi\u00f3, entend\u00eda que era de justicia que si la revisi\u00f3n catastral se hac\u00eda partiendo de informaci\u00f3n que hab\u00eda devenido incorrecta como consecuencia de la anulaci\u00f3n del PGOU, se deb\u00eda devolver lo recaudado de m\u00e1s por IBI del a\u00f1o 2015 a los vecinos afectados\u201d concluye.<\/span><\/p>\n","protected":false},"excerpt":{"rendered":"<p>El secretario general del PSOE y portavoz municipal, Pedro Casares,\u00a0recuerda al Partido Popular que devolver el\u00a0Impuesto de Bienes Inmuebles\u00a0(IBI)\u00a0a los vecinos afectados por el catastrazo \u201ces su obligaci\u00f3n\u201d. Casares asegura que\u00a0\u201ces de justicia\u201d que el Ayuntamiento devuelva a todos estos vecinos lo cobrado de m\u00e1s en sus recibos del IBI como consecuencia de la anulaci\u00f3n [&hellip;]<\/p>\n","protected":false},"author":2,"featured_media":827,"comment_status":"open","ping_status":"open","sticky":false,"template":"","format":"standard","meta":{"tdm_status":"","tdm_grid_status":"","footnotes":""},"categories":[20,16],"tags":[],"class_list":["post-934","post","type-post","status-publish","format-standard","has-post-thumbnail","hentry","category-santander","category-noticias-santander"],"_links":{"self":[{"href":"https:\/\/www.psc-psoe.es\/index.php\/wp-json\/wp\/v2\/posts\/934","targetHints":{"allow":["GET"]}}],"collection":[{"href":"https:\/\/www.psc-psoe.es\/index.php\/wp-json\/wp\/v2\/posts"}],"about":[{"href":"https:\/\/www.psc-psoe.es\/index.php\/wp-json\/wp\/v2\/types\/post"}],"author":[{"embeddable":true,"href":"https:\/\/www.psc-psoe.es\/index.php\/wp-json\/wp\/v2\/users\/2"}],"replies":[{"embeddable":true,"href":"https:\/\/www.psc-psoe.es\/index.php\/wp-json\/wp\/v2\/comments?post=934"}],"version-history":[{"count":0,"href":"https:\/\/www.psc-psoe.es\/index.php\/wp-json\/wp\/v2\/posts\/934\/revisions"}],"wp:featuredmedia":[{"embeddable":true,"href":"https:\/\/www.psc-psoe.es\/index.php\/wp-json\/wp\/v2\/media\/827"}],"wp:attachment":[{"href":"https:\/\/www.psc-psoe.es\/index.php\/wp-json\/wp\/v2\/media?parent=934"}],"wp:term":[{"taxonomy":"category","embeddable":true,"href":"https:\/\/www.psc-psoe.es\/index.php\/wp-json\/wp\/v2\/categories?post=934"},{"taxonomy":"post_tag","embeddable":true,"href":"https:\/\/www.psc-psoe.es\/index.php\/wp-json\/wp\/v2\/tags?post=934"}],"curies":[{"name":"wp","href":"https:\/\/api.w.org\/{rel}","templated":true}]}}