{"id":923,"date":"2017-10-14T17:54:45","date_gmt":"2017-10-14T16:54:45","guid":{"rendered":"http:\/\/psc-psoe.es\/?p=923"},"modified":"2019-02-19T13:36:23","modified_gmt":"2019-02-19T12:36:23","slug":"el-psoe-defiende-que-la-sostenibilidad-debe-ser-el-eje-central-de-la-movilidad-en-santander","status":"publish","type":"post","link":"https:\/\/www.psc-psoe.es\/index.php\/2017\/10\/14\/el-psoe-defiende-que-la-sostenibilidad-debe-ser-el-eje-central-de-la-movilidad-en-santander\/","title":{"rendered":"El PSOE defiende que la sostenibilidad debe ser el eje central de la movilidad en Santander"},"content":{"rendered":"<p>El secretario general del PSOE y portavoz municipal, Pedro Casares, se ha reunido con Rafael Casuso, miembro de Cantabria con Bici y de la Mesa de Movilidad, para abordar objetivos y propuestas \u201cy hacer una apuesta decidida de la sociedad civil, asociaciones, colectivos y la oposici\u00f3n por defender la movilidad sostenible en la ciudad\u201d.<\/p>\n<p>Casares defiende que la sostenibilidad debe ser el eje central de la movilidad en Santander y as\u00ed se lo ha trasladado a Casuso con el que se ha reunido en la sede de la agrupaci\u00f3n socialista. \u201cSi queremos que Santander sea una ciudad del siglo XXI tenemos que promover que haya una estrategia clara de movilidad. Una estrategia que hoy por hoy la ciudad no tiene ante la falta de visi\u00f3n y de proyecto del equipo de gobierno\u201d ha enfatizado durante el encuentro.<\/p>\n<p>Para el l\u00edder de los socialistas santanderinos, Santander tiene que apostar por el transporte p\u00fablico, por el uso de la bicicleta, por la mejora y reducci\u00f3n del tr\u00e1fico en el centro de la ciudad, y a su vez, dando respuesta a los problemas de aparcamiento y de movilidad con la creaci\u00f3n de aparcamientos disuasorios y una buena red de transporte p\u00fablico.<\/p>\n<p>En este sentido, Casares considera que falta una estrategia global \u201cque evite los parches y medidas aisladas con las que el Partido Popular va intentando hacer como que hace algo para mejorar la movilidad en la ciudad\u201d.<\/p>\n<p>\u201cCompartimos con las asociaciones del sector que el peat\u00f3n debe ser el n\u00facleo central sobre el que gire toda una estrategia de cambio en el desarrollo de la movilidad en Santander\u201d asegura.<\/p>\n<p>Asimismo, para el edil, deben realizarse acciones e iniciativas para que se conciencie a la ciudadan\u00eda de hacer un uso responsable del transporte, implantando cada vez m\u00e1s formas de transporte sostenible.<\/p>\n<p><b>Aunar esfuerzos<a name=\"m_4747655510568912344_m_-5022700621856227707_m_-1648333774148975762_m_6241330606289887967__GoBack\"><\/a><\/b><\/p>\n<p>Por \u00faltimo, Pedro Casares ha se\u00f1alado que la ciudadan\u00eda \u201cest\u00e1 cada vez m\u00e1s comprometida con la sostenibilidad y m\u00e1s preocupada por problemas como la movilidad urbana, la contaminaci\u00f3n del aire y el ruido\u201d.<\/p>\n<p>Para el portavoz del PSOE, \u201csolo si nos creemos nosotros mismos que el modelo de movilidad por la ciudad debe cambiar, conseguiremos que se sustituya progresivamente el coche por otros medios de transporte menos contaminantes\u201d.<\/p>\n<p>El l\u00edder socialista quiere \u201caunar esfuerzos\u201d para abanderar las pol\u00edticas de movilidad para que los vecinos \u201cperciban que se realizan m\u00e1s esfuerzos, m\u00e1s variados y durante m\u00e1s tiempo, demostrando un verdadero compromiso de toda la sociedad y del conjunto de agentes implicados para conseguirlo\u201d.<\/p>\n<p>\u201cNecesitamos compartir sinergias y estrategias entre los representantes de la ciudadan\u00eda y plataformas y asociaciones comprometidas que realizan un amplio trabajo para cambiar esta realidad. Para ello, primero tiene que haber un compromiso real de quienes gobiernan\u201d ha concluido, a la vez que asegura que \u201choy por hoy en Santander no lo hay\u201d. <\/p>\n","protected":false},"excerpt":{"rendered":"<p>El secretario general del PSOE y portavoz municipal, Pedro Casares, se ha reunido con Rafael Casuso, miembro de Cantabria con Bici y de la Mesa de Movilidad, para abordar objetivos y propuestas \u201cy hacer una apuesta decidida de la sociedad civil, asociaciones, colectivos y la oposici\u00f3n por defender la movilidad sostenible en la ciudad\u201d. Casares [&hellip;]<\/p>\n","protected":false},"author":2,"featured_media":924,"comment_status":"open","ping_status":"open","sticky":false,"template":"","format":"standard","meta":{"tdm_status":"","tdm_grid_status":"","footnotes":""},"categories":[20,16],"tags":[],"class_list":["post-923","post","type-post","status-publish","format-standard","has-post-thumbnail","hentry","category-santander","category-noticias-santander"],"_links":{"self":[{"href":"https:\/\/www.psc-psoe.es\/index.php\/wp-json\/wp\/v2\/posts\/923","targetHints":{"allow":["GET"]}}],"collection":[{"href":"https:\/\/www.psc-psoe.es\/index.php\/wp-json\/wp\/v2\/posts"}],"about":[{"href":"https:\/\/www.psc-psoe.es\/index.php\/wp-json\/wp\/v2\/types\/post"}],"author":[{"embeddable":true,"href":"https:\/\/www.psc-psoe.es\/index.php\/wp-json\/wp\/v2\/users\/2"}],"replies":[{"embeddable":true,"href":"https:\/\/www.psc-psoe.es\/index.php\/wp-json\/wp\/v2\/comments?post=923"}],"version-history":[{"count":0,"href":"https:\/\/www.psc-psoe.es\/index.php\/wp-json\/wp\/v2\/posts\/923\/revisions"}],"wp:featuredmedia":[{"embeddable":true,"href":"https:\/\/www.psc-psoe.es\/index.php\/wp-json\/wp\/v2\/media\/924"}],"wp:attachment":[{"href":"https:\/\/www.psc-psoe.es\/index.php\/wp-json\/wp\/v2\/media?parent=923"}],"wp:term":[{"taxonomy":"category","embeddable":true,"href":"https:\/\/www.psc-psoe.es\/index.php\/wp-json\/wp\/v2\/categories?post=923"},{"taxonomy":"post_tag","embeddable":true,"href":"https:\/\/www.psc-psoe.es\/index.php\/wp-json\/wp\/v2\/tags?post=923"}],"curies":[{"name":"wp","href":"https:\/\/api.w.org\/{rel}","templated":true}]}}