{"id":9065,"date":"2024-07-03T10:28:58","date_gmt":"2024-07-03T09:28:58","guid":{"rendered":"https:\/\/www.psc-psoe.es\/?p=9065"},"modified":"2024-07-03T10:28:58","modified_gmt":"2024-07-03T09:28:58","slug":"zuloaga-el-pp-perjudica-a-miles-de-estudiantes-de-fp-en-cantabria-con-titulos-derogados","status":"publish","type":"post","link":"https:\/\/www.psc-psoe.es\/index.php\/2024\/07\/03\/zuloaga-el-pp-perjudica-a-miles-de-estudiantes-de-fp-en-cantabria-con-titulos-derogados\/","title":{"rendered":"Zuloaga: \u201cEl PP perjudica a miles de estudiantes de FP en Cantabria con t\u00edtulos derogados\u201d"},"content":{"rendered":"<p style=\"font-weight: 400;\"><strong>Santander, 3 de julio de 2024<\/strong>. El secretario general del PSC-PSOE y portavoz parlamentario, Pablo Zuloaga ha asegurado que \u201cel PP saca al Cantabria de la ley de Formaci\u00f3n Profesional, siendo la \u00fanica comunidad aut\u00f3noma que oferta t\u00edtulos formativos derogados\u201d. \u201cEsto supone un grave ataque a la educaci\u00f3n en Cantabria por parte del gobierno de Mar\u00eda Jos\u00e9 S\u00e1enz de Buruaga y un grave problema para miles de estudiantes que inician su curso este a\u00f1o\u201d, ha denunciado.<\/p>\n<p style=\"font-weight: 400;\">As\u00ed se ha manifestado Zuloaga durante una rueda de prensa celebrada este mi\u00e9rcoles en la sede de los socialistas c\u00e1ntabros, acompa\u00f1ado por el diputado auton\u00f3mico, Jorge Guti\u00e9rrez y la secretaria de Educaci\u00f3n, FP y Universidades de la Comisi\u00f3n Ejecutiva Regional del PSC-PSOE, Esther V\u00e9lez.<\/p>\n<p style=\"font-weight: 400;\">\u201cEl Gobierno de Buruaga es un gobierno antisistema que decide no cumplir con las normas que nos hacen iguales a los espa\u00f1oles y espa\u00f1olas, dej\u00e1ndonos fuera del marco de la Formaci\u00f3n Profesional\u201d, ha reiterado.<\/p>\n<p style=\"font-weight: 400;\">El l\u00edder de los socialistas c\u00e1ntabros ha recordado que \u201cen\u00a0marzo del 2022 se aprob\u00f3 una nueva ley nacional de Formaci\u00f3n Profesional que ajusta los perfiles profesionales a las demandas de las empresas, adem\u00e1s de que toda la formaci\u00f3n ser\u00e1 dual e incluir\u00e1 un periodo de pr\u00e1cticas en las empresas y mejorar\u00e1 el sistema de acreditaci\u00f3n de competencias profesionales, as\u00ed como facilitar\u00e1 el acceso a la universidad\u201d.<\/p>\n<p style=\"font-weight: 400;\">No obstante, \u201cCantabria es la \u00fanica comunidad aut\u00f3noma donde los ciclos formativos de grado medio y superior que se ofertan no cumplen con la nueva ley, es decir, son titulaciones derogadas, generando una irregularidad manifiesta\u201d. Y esto ocurre, ha explicado, \u201cun a\u00f1o despu\u00e9s de que el Ministerio de Educaci\u00f3n publicase los nuevos\u00a0planes de estudios y los nuevos m\u00f3dulos profesionales en julio de 2023, momento en que cada comunidad incluida Cantabria, deb\u00eda hacer sus trabajos de preparaci\u00f3n de los nuevos curr\u00edculos que deben implantarse en el curso 2024-2025\u201d.<\/p>\n<p style=\"font-weight: 400;\">Lo que denunciamos, ha insistido, \u201ces que los estudiantes que ahora se est\u00e1n matriculando de la FP cursar\u00e1n estudios que les conducir\u00e1n que no titular\u00e1n que ya no existir\u00e1n en ning\u00fan lugar de Espa\u00f1a porque han sido derogados\u201d. \u201cCon esta decisi\u00f3n la Consejer\u00eda de Educaci\u00f3n que dirige Sergio Silva impide la titulaci\u00f3n de los estudiantes c\u00e1ntabros que se matricularan en primer curso de las ense\u00f1anzas derogadas, generando un grave perjuicio para miles de estudiantes\u201d, ha destacado.<\/p>\n<p style=\"font-weight: 400;\">Por tanto, exigimos al consejero Silva \u201cque rectifique, que corrija esta situaci\u00f3n y vuelva a meter a Cantabria y a su educaci\u00f3n de donde nunca debi\u00f3 salir, en la legalidad, porque ser\u00e1 la \u00fanica comunidad aut\u00f3noma que incumpla la norma publicada en el Bolet\u00edn Oficial del Estado (BOE)\u201d.<\/p>\n<p style=\"font-weight: 400;\">\u201cBuruaga y Silva deben solucionar este desaguisado que ellos solo han generado y que ellos solo sit\u00faan a Cantabria en el antisistema del cumplimiento de una ley en nuestro pa\u00eds\u201d, ha concluido el socialista.<\/p>\n","protected":false},"excerpt":{"rendered":"<p>Santander, 3 de julio de 2024. El secretario general del PSC-PSOE y portavoz parlamentario, Pablo Zuloaga ha asegurado que \u201cel PP saca al Cantabria de la ley de Formaci\u00f3n Profesional, siendo la \u00fanica comunidad aut\u00f3noma que oferta t\u00edtulos formativos derogados\u201d. \u201cEsto supone un grave ataque a la educaci\u00f3n en Cantabria por parte del gobierno de [&hellip;]<\/p>\n","protected":false},"author":7,"featured_media":9066,"comment_status":"open","ping_status":"closed","sticky":false,"template":"","format":"standard","meta":{"tdm_status":"","tdm_grid_status":"","footnotes":""},"categories":[14,25],"tags":[],"class_list":["post-9065","post","type-post","status-publish","format-standard","has-post-thumbnail","hentry","category-notas-de-prensa","category-actualidad"],"_links":{"self":[{"href":"https:\/\/www.psc-psoe.es\/index.php\/wp-json\/wp\/v2\/posts\/9065","targetHints":{"allow":["GET"]}}],"collection":[{"href":"https:\/\/www.psc-psoe.es\/index.php\/wp-json\/wp\/v2\/posts"}],"about":[{"href":"https:\/\/www.psc-psoe.es\/index.php\/wp-json\/wp\/v2\/types\/post"}],"author":[{"embeddable":true,"href":"https:\/\/www.psc-psoe.es\/index.php\/wp-json\/wp\/v2\/users\/7"}],"replies":[{"embeddable":true,"href":"https:\/\/www.psc-psoe.es\/index.php\/wp-json\/wp\/v2\/comments?post=9065"}],"version-history":[{"count":1,"href":"https:\/\/www.psc-psoe.es\/index.php\/wp-json\/wp\/v2\/posts\/9065\/revisions"}],"predecessor-version":[{"id":9067,"href":"https:\/\/www.psc-psoe.es\/index.php\/wp-json\/wp\/v2\/posts\/9065\/revisions\/9067"}],"wp:featuredmedia":[{"embeddable":true,"href":"https:\/\/www.psc-psoe.es\/index.php\/wp-json\/wp\/v2\/media\/9066"}],"wp:attachment":[{"href":"https:\/\/www.psc-psoe.es\/index.php\/wp-json\/wp\/v2\/media?parent=9065"}],"wp:term":[{"taxonomy":"category","embeddable":true,"href":"https:\/\/www.psc-psoe.es\/index.php\/wp-json\/wp\/v2\/categories?post=9065"},{"taxonomy":"post_tag","embeddable":true,"href":"https:\/\/www.psc-psoe.es\/index.php\/wp-json\/wp\/v2\/tags?post=9065"}],"curies":[{"name":"wp","href":"https:\/\/api.w.org\/{rel}","templated":true}]}}