{"id":905,"date":"2017-10-08T19:33:07","date_gmt":"2017-10-08T18:33:07","guid":{"rendered":"http:\/\/psc-psoe.es\/?p=905"},"modified":"2019-02-06T11:32:44","modified_gmt":"2019-02-06T10:32:44","slug":"la-secretaria-de-politica-institucional-del-psoe-isabel-fernandez-asegura-que-el-psoe-apostara-por-el-dialogo-y-el-acuerdo-para-que-se-produzcan-los-relevos-al-frente-de-las-direcciones-de-la-empres","status":"publish","type":"post","link":"https:\/\/www.psc-psoe.es\/index.php\/2017\/10\/08\/la-secretaria-de-politica-institucional-del-psoe-isabel-fernandez-asegura-que-el-psoe-apostara-por-el-dialogo-y-el-acuerdo-para-que-se-produzcan-los-relevos-al-frente-de-las-direcciones-de-la-empres\/","title":{"rendered":"El PSOE apoya el di\u00e1logo y el acuerdo en Catalu\u00f1a"},"content":{"rendered":"<div>El secretario general del PSOE de Cantabria, Pablo Zuloaga, muestra hoy el respaldo de la Comisi\u00f3n Ejecutiva Regional a las decisiones y posturas adoptadas por la Comisi\u00f3n Ejecutiva Federal y el secretario general, Pedro S\u00e1nchez, sobre Catalu\u00f1a.<\/div>\n<div><\/div>\n<div>Zuloaga asegura que los socialistas c\u00e1ntabros defienden la apuesta por el di\u00e1logo para que se recupere la convivencia y se articule un pacto territorial donde todas las comunidades aut\u00f3nomas se sientan integradas y representadas. As\u00ed lo expresan los socialistas c\u00e1ntabros en una resoluci\u00f3n aprobada por la direcci\u00f3n socialista.<\/div>\n<div><\/div>\n<div>\u201cComo ha dicho hoy Pedro S\u00e1nchez estamos a tiempo de resolver esta crisis con la pol\u00edtica, con la palabra y a trav\u00e9s de las instituciones\u201d asegura el l\u00edder de los socialistas c\u00e1ntabros.<\/div>\n<div><\/div>\n<div>Asimismo, el dirigente socialista asegura que el PSOE de Cantabria respalda todas las decisiones que se adopten para modernizar el modelo territorial, para modernizar y actualizar el modelo de convivencia territorial.<\/div>\n<div><\/div>\n<div>Para Zuloaga, ser\u00eda \u201cinadmisible\u201d una Declaraci\u00f3n Unilateral de Independencia, que no tiene cabida en nuestro Estado de Derecho.<\/div>\n<div><\/div>\n<div><strong>Regreso a la legalidad democr\u00e1tica<\/strong><\/div>\n<div><\/div>\n<div>Por ello, los socialistas c\u00e1ntabros consideran que el primer paso para el di\u00e1logo es que las instituciones catalanas vuelvan a la senda de la legalidad democr\u00e1tica.<\/div>\n<div><\/div>\n<div>\u201cSolo as\u00ed podremos impulsar todos juntos las reformas necesarias que den respuesta a la justa demanda que tiene la sociedad catalana de contar con un encaje mejor, m\u00e1s actualizado, en el conjunto del pa\u00eds\u201d explica el dirigente c\u00e1ntabro.<\/div>\n<div><\/div>\n<div>En este sentido, Zuloaga recuerda que el Parlamento y el Gobierno de Catalu\u00f1a han aprobado normas relativas a la celebraci\u00f3n de un refer\u00e9ndum de independencia y creaci\u00f3n de una arquitectura institucional &#8220;manifiestamente ilegales&#8221; y que el Tribunal Constitucional ha suspendido.<\/div>\n<div><\/div>\n<div>Por \u00faltimo, para Pablo Zuloaga \u201ces evidente\u201d la presi\u00f3n ejercida sobre aquellos que defend\u00edan la democracia, el respeto a los procedimientos constitucionales y la legalidad\u201d. \u201cCondenamos todas las manifestaciones contra alcaldes y concejales y tambi\u00e9n contra los miembros de la Guardia Civil y la Polic\u00eda Nacional desplegados en Catalu\u00f1a\u201d.<\/div>\n","protected":false},"excerpt":{"rendered":"<p>El secretario general del PSOE de Cantabria, Pablo Zuloaga, muestra hoy el respaldo de la Comisi\u00f3n Ejecutiva Regional a las decisiones y posturas adoptadas por la Comisi\u00f3n Ejecutiva Federal y el secretario general, Pedro S\u00e1nchez, sobre Catalu\u00f1a. Zuloaga asegura que los socialistas c\u00e1ntabros defienden la apuesta por el di\u00e1logo para que se recupere la convivencia [&hellip;]<\/p>\n","protected":false},"author":2,"featured_media":906,"comment_status":"open","ping_status":"open","sticky":false,"template":"","format":"standard","meta":{"tdm_status":"","tdm_grid_status":"","footnotes":""},"categories":[24],"tags":[],"class_list":["post-905","post","type-post","status-publish","format-standard","has-post-thumbnail","hentry","category-partido"],"_links":{"self":[{"href":"https:\/\/www.psc-psoe.es\/index.php\/wp-json\/wp\/v2\/posts\/905","targetHints":{"allow":["GET"]}}],"collection":[{"href":"https:\/\/www.psc-psoe.es\/index.php\/wp-json\/wp\/v2\/posts"}],"about":[{"href":"https:\/\/www.psc-psoe.es\/index.php\/wp-json\/wp\/v2\/types\/post"}],"author":[{"embeddable":true,"href":"https:\/\/www.psc-psoe.es\/index.php\/wp-json\/wp\/v2\/users\/2"}],"replies":[{"embeddable":true,"href":"https:\/\/www.psc-psoe.es\/index.php\/wp-json\/wp\/v2\/comments?post=905"}],"version-history":[{"count":0,"href":"https:\/\/www.psc-psoe.es\/index.php\/wp-json\/wp\/v2\/posts\/905\/revisions"}],"wp:featuredmedia":[{"embeddable":true,"href":"https:\/\/www.psc-psoe.es\/index.php\/wp-json\/wp\/v2\/media\/906"}],"wp:attachment":[{"href":"https:\/\/www.psc-psoe.es\/index.php\/wp-json\/wp\/v2\/media?parent=905"}],"wp:term":[{"taxonomy":"category","embeddable":true,"href":"https:\/\/www.psc-psoe.es\/index.php\/wp-json\/wp\/v2\/categories?post=905"},{"taxonomy":"post_tag","embeddable":true,"href":"https:\/\/www.psc-psoe.es\/index.php\/wp-json\/wp\/v2\/tags?post=905"}],"curies":[{"name":"wp","href":"https:\/\/api.w.org\/{rel}","templated":true}]}}