{"id":8882,"date":"2024-04-24T12:17:37","date_gmt":"2024-04-24T11:17:37","guid":{"rendered":"https:\/\/www.psc-psoe.es\/?p=8882"},"modified":"2024-04-24T12:17:37","modified_gmt":"2024-04-24T11:17:37","slug":"el-psoe-estudia-acudir-a-la-fiscalia-para-que-el-gobierno-de-buruaga-haga-cumplir-a-las-empresas-privadas-con-contratos-publicos-lo-vemos-con-los-servicios-de-ambulancias-y-los-que-privatizo","status":"publish","type":"post","link":"https:\/\/www.psc-psoe.es\/index.php\/2024\/04\/24\/el-psoe-estudia-acudir-a-la-fiscalia-para-que-el-gobierno-de-buruaga-haga-cumplir-a-las-empresas-privadas-con-contratos-publicos-lo-vemos-con-los-servicios-de-ambulancias-y-los-que-privatizo\/","title":{"rendered":"\u201cEl PSOE estudia acudir a la Fiscal\u00eda para que el Gobierno de Buruaga haga cumplir a las empresas privadas con contratos p\u00fablicos: lo vemos con los servicios de ambulancias y los que privatiz\u00f3 el PP en Valdecilla\u201d"},"content":{"rendered":"<p style=\"font-weight: 400;\"><strong>Santander, 24 de abril de 2024.<\/strong>\u00a0El secretario general del PSC-PSOE y portavoz parlamentario, Pablo Zuloaga ha anunciado que \u201cel PSOE de Cantabria estudia la posibilidad de acudir a la Fiscal\u00eda para obligar al Gobierno de Cantabria a asumir la responsabilidad de hacer cumplir a las empresas privadas con los contratos p\u00fablicos que tiene con el Ejecutivo para que no perjudiquen a la sanidad, hablamos del servicio de ambulancias y de los servicios que a trav\u00e9s de la privatizaci\u00f3n que hizo el PP en el Hospital Universitario Marqu\u00e9s de Valdecilla\u201d. \u201cHay una m\u00e1xima que es evidente: si no hay supervisi\u00f3n no sanciones es que no hay seguimiento y lo que hay es un detrimento de los servicios p\u00fablicos en Cantabria\u201d.<\/p>\n<p style=\"font-weight: 400;\">As\u00ed se ha manifestado Zuloaga durante una rueda de prensa celebrada este mi\u00e9rcoles en el Parlamento de Cantabria donde ha estado acompa\u00f1ado por la diputada auton\u00f3mica, Ana Bel\u00e9n \u00c1lvarez y los diputados Jorge Guti\u00e9rrez y Mario Iglesias, donde ha hecho \u201cun an\u00e1lisis de la actualidad pol\u00edtica y, sobre todo, de los incumplimientos del Gobierno del PP y en este caso, del departamento que dirige el ya reprobado consejero de Salud, C\u00e9sar Pascual\u201d.<\/p>\n<p style=\"font-weight: 400;\">En este sentido, ha precisado que \u201ces evidente que el Gobierno de Cantabria no est\u00e1 cumpliendo con su misi\u00f3n que es velar por la calidad de los servicios p\u00fablicos\u201d y lo hemos visto, ha precisado, \u201cporque hemos podido constatar c\u00f3mo las empresas que se encargan de prestar servicios de limpieza en Valdecilla no est\u00e1n cumpliendo con los contratos que tienen con el Gobierno de Cantabria y est\u00e1n sobrecargando el trabajo de los trabajadores y las trabajadoras que prestan el servicio\u201d.<\/p>\n<p style=\"font-weight: 400;\">\u201cEl incumplimiento es manifiesto y el consejero ha asumido que conoce ese incumplimiento\u201d, ha indicado. No obstante, ha continuado, \u201cno estamos viendo c\u00f3mo el Gobierno de Cantabria asume su responsabilidad a la hora de sancionar los incumplimientos de las empresas que prestan servicios p\u00fablicos en el \u00e1mbito de la sanidad p\u00fablica en Cantabria\u201d. \u201cLo hemos comprobado con el Serveo, con la empresa que presta servicios en Valdecilla y tambi\u00e9n con la empresa que presta los servicios de transporte a trav\u00e9s de las ambulancias\u201d. Y es que, \u201ca d\u00eda de hoy hay una cuesti\u00f3n que es evidente y sancionable. Y es que tenemos ambulancias nuevas en Cantabria que no se est\u00e1n utilizando porque la empresa responsable de este servicio no ha formado a los trabajadores y a las trabajadoras para poder utilizar estas ambulancias\u201d.<\/p>\n<p style=\"font-weight: 400;\">Por tanto, ha dicho, \u201ceste es el modelo del PP y el PSOE est\u00e1 aqu\u00ed para denunciarlo en el Parlamento, para reprobar al consejero C\u00e9sar Pascual, tambi\u00e9n en esta C\u00e1mara e instar a Buruaga a que le cese o dimita y no ha pasado, y lo peor es que vemos como las empresas privadas campan a sus anchas dejando de lado los intereses de los c\u00e1ntabros y las c\u00e1ntabras sin cumplir los contratos que tienen que ver con la sanidad de Cantabria\u201d. \u201cVolvemos a centrar nuestro objetivo en la defensa de la sanidad p\u00fablica y en la preservaci\u00f3n de los derechos de los y las pacientes de nuestra comunidad aut\u00f3noma\u201d.<\/p>\n<p style=\"font-weight: 400;\">Adem\u00e1s, ha anunciado que \u201cesta semana hemos solicitado al Gobierno de Cantabria todos los expedientes en los que se hayan iniciado sanciones a empresas prestadoras de servicios en el \u00e1mbito de la sanidad p\u00fablica\u201d. De esta manera, ha dicho, \u201cel Gobierno de Cantabria tiene un mes para contestarnos por escrito y darnos acceso a esta documentaci\u00f3n\u201d.<\/p>\n<p style=\"font-weight: 400;\">\u201cLo que es evidente, m\u00e1s all\u00e1 de que las multas hayan podido ponerse o abrirse es que los servicios no se est\u00e1n prestando y que, por lo tanto, exigimos al Gobierno de Cantabria ese compromiso la ejecuci\u00f3n de los contratos, es decir, que asuman su responsabilidad a la hora de poner sanciones si no hay cumplimiento y evidentemente no descartamos la v\u00eda de la Fiscal\u00eda ante un hecho que es evidente\u201d, ha remarcado.<\/p>\n<p style=\"font-weight: 400;\"><strong>La licitaci\u00f3n p\u00fablica cae un 63% en Cantabria con el PP<\/strong><\/p>\n<p style=\"font-weight: 400;\">Por otro lado, Zuloaga ha aprovechado esta rueda de prensa para valorar un dato econ\u00f3mico tremendamente negativo para Cantabria y que tiene que ver con la falta de capacidad de acci\u00f3n y decisi\u00f3n del Gobierno de Buruaga, al conocer que en el primer trimestre la licitaci\u00f3n p\u00fablica en Cantabria que corresponde al Ejecutivo regional cay\u00f3 un 63% en el primer trimestre del 2024, con respecto al mismo periodo del 2023\u201d. Hablamos de que el Gobierno de Cantabria, el PP solo ha conseguido licitar 39 millones de euros en los primeros tres meses del a\u00f1o de 2024\u201d.<\/p>\n<p style=\"font-weight: 400;\">Asimismo, ha explicado, \u201csi ponemos un poquito la lupa sobre esta cifra veremos que la mayor parte de esta licitaci\u00f3n p\u00fablica se debe a un \u00fanico contrato que obedece a la pasada legislatura, que es la licitaci\u00f3n de la unidad de protonterapia en el Hospital Universitario M\u00e1rquez de Valdecilla. M\u00e1s de 20 millones de euros que evidentemente el PP se ha visto obligado a licitar en este primer trimestre, despu\u00e9s de que llevemos nueve meses insistiendo en esa licitaci\u00f3n\u201d.<\/p>\n<p style=\"font-weight: 400;\">Este dato, ha indicado, \u201ccontrasta de una forma muy dura para Cantabria con los m\u00e1s de 144 millones que se licitaron en el primer trimestre del a\u00f1o 2023, que sirvi\u00f3 para hacer crecer la econom\u00eda y el n\u00famero trabajadores y trabajadoras que tenemos en Cantabria y que evidencia, adem\u00e1s, ese umbral de crecimiento econ\u00f3mico que ayer conoc\u00edamos para nuestra comunidad aut\u00f3noma\u201d.<\/p>\n<p style=\"font-weight: 400;\">A su juicio, \u201cel problema es lo que est\u00e1 sembrando el PP\u201d porque, ha se\u00f1alado, \u201csi no hay licitaci\u00f3n p\u00fablica en Cantabria, desde las instituciones p\u00fablicas, desde el Gobierno de Cantabria, habr\u00e1 un grave problema econ\u00f3mico en nuestra comunidad\u201d. Por eso, ha declarado, \u201cexigiremos en los pr\u00f3ximos plenos del Parlamento de Cantabria compromiso y acci\u00f3n al Gobierno de Cantabria, que dejen de lado la confrontaci\u00f3n y que se pongan a trabajar, que es lo que lamentablemente estamos viendo que no hacen en el Ejecutivo de Mar\u00eda Jos\u00e9 S\u00e1enz de Buruaga\u201d.<\/p>\n","protected":false},"excerpt":{"rendered":"<p>Santander, 24 de abril de 2024.\u00a0El secretario general del PSC-PSOE y portavoz parlamentario, Pablo Zuloaga ha anunciado que \u201cel PSOE de Cantabria estudia la posibilidad de acudir a la Fiscal\u00eda para obligar al Gobierno de Cantabria a asumir la responsabilidad de hacer cumplir a las empresas privadas con los contratos p\u00fablicos que tiene con el [&hellip;]<\/p>\n","protected":false},"author":7,"featured_media":8883,"comment_status":"open","ping_status":"closed","sticky":false,"template":"","format":"standard","meta":{"tdm_status":"","tdm_grid_status":"","footnotes":""},"categories":[14,1,25],"tags":[],"class_list":["post-8882","post","type-post","status-publish","format-standard","has-post-thumbnail","hentry","category-notas-de-prensa","category-uncategorized","category-actualidad"],"_links":{"self":[{"href":"https:\/\/www.psc-psoe.es\/index.php\/wp-json\/wp\/v2\/posts\/8882","targetHints":{"allow":["GET"]}}],"collection":[{"href":"https:\/\/www.psc-psoe.es\/index.php\/wp-json\/wp\/v2\/posts"}],"about":[{"href":"https:\/\/www.psc-psoe.es\/index.php\/wp-json\/wp\/v2\/types\/post"}],"author":[{"embeddable":true,"href":"https:\/\/www.psc-psoe.es\/index.php\/wp-json\/wp\/v2\/users\/7"}],"replies":[{"embeddable":true,"href":"https:\/\/www.psc-psoe.es\/index.php\/wp-json\/wp\/v2\/comments?post=8882"}],"version-history":[{"count":1,"href":"https:\/\/www.psc-psoe.es\/index.php\/wp-json\/wp\/v2\/posts\/8882\/revisions"}],"predecessor-version":[{"id":8884,"href":"https:\/\/www.psc-psoe.es\/index.php\/wp-json\/wp\/v2\/posts\/8882\/revisions\/8884"}],"wp:featuredmedia":[{"embeddable":true,"href":"https:\/\/www.psc-psoe.es\/index.php\/wp-json\/wp\/v2\/media\/8883"}],"wp:attachment":[{"href":"https:\/\/www.psc-psoe.es\/index.php\/wp-json\/wp\/v2\/media?parent=8882"}],"wp:term":[{"taxonomy":"category","embeddable":true,"href":"https:\/\/www.psc-psoe.es\/index.php\/wp-json\/wp\/v2\/categories?post=8882"},{"taxonomy":"post_tag","embeddable":true,"href":"https:\/\/www.psc-psoe.es\/index.php\/wp-json\/wp\/v2\/tags?post=8882"}],"curies":[{"name":"wp","href":"https:\/\/api.w.org\/{rel}","templated":true}]}}