{"id":884,"date":"2017-09-29T14:10:36","date_gmt":"2017-09-29T13:10:36","guid":{"rendered":"http:\/\/psc-psoe.es\/?p=884"},"modified":"2019-02-19T13:36:49","modified_gmt":"2019-02-19T12:36:49","slug":"el-psoe-propone-un-plan-de-reforma-integral-de-tetuan-y-barrio-camino","status":"publish","type":"post","link":"https:\/\/www.psc-psoe.es\/index.php\/2017\/09\/29\/el-psoe-propone-un-plan-de-reforma-integral-de-tetuan-y-barrio-camino\/","title":{"rendered":"El PSOE propone un plan de reforma integral de Tetu\u00e1n y Barrio Camino"},"content":{"rendered":"<p>El PSOE ha propuesto un plan de reforma integral de Tetu\u00e1n y Barrio Camino de Santander. Lo han anunciado despu\u00e9s de visitar ayer esta zona de la ciudad, dentro de la\u00a0campa\u00f1a de escucha activa\u00a0que se puso\u00a0en marcha en enero de 2017 y con la que los socialistas est\u00e1n recorriendo\u00a0todos los barrios de la ciudad.<\/p>\n<p>El secretario general\u00a0y portavoz municipal socialista, Pedro Casares, reinicia as\u00ed estos encuentros vecinales, acompa\u00f1ado por los concejales y miembros del PSOE, \u201cpara mantener el contacto permanente con la ciudadan\u00eda\u201d.<\/p>\n<p>En su visita al barrio, los socialistas han podido ver \u201cc\u00f3mo hay vida m\u00e1s all\u00e1 de la calle principal por mucho que el equipo de gobierno del Partido Popular lo tenga abandonado\u201d. \u201cEs inadmisible el estado de abandono,\u00a0dejadez y la falta de mantenimiento\u00a0de muchas \u00a0zonas de\u00a0Tetu\u00e1n y Barrio Camino m\u00e1s all\u00e1 del paseo de la fama\u201d denuncia el edil.<\/p>\n<p>Por ello, Casares propone un plan de reforma integral de toda la zona de Tetu\u00e1n y Barrio Camino \u201cque aborde los problemas y busque soluciones a las necesidades reales de los vecinos\u201d. \u201cTetu\u00e1n necesita de un plan integral que aborde las deficiencias existentes y nuevas infraestructuras que deber\u00eda elaborarse de forma conjunta entre los vecinos y el Ayuntamiento para dar respuesta coherente a las necesidades reales del barrio\u201d explica.<\/p>\n<p>En este sentido, el portavoz del PSOE ha visto como \u201chay humedales en muchos rincones\u00a0fruto de la mala canalizaci\u00f3n de las tuber\u00edas\u201d. El edil explica que el barrio presenta un \u201cabandono claro\u201d en zonas en las que el asfaltado est\u00e1 muy deteriorado\u00a0por el paso del tiempo, calles sin aceras o vallados peligrosos para los ni\u00f1os en zonas de recreo infantil.<\/p>\n<p>Para el edil, la falta de mantenimiento \u201ces evidente\u201d y el estado de instalaciones nuevas \u201cdemuestra la falta de voluntad pol\u00edtica para solucionar los problemas del d\u00eda a d\u00eda que tiene un barrio como este\u201d.<\/p>\n<p>\u201cM\u00e1s all\u00e1 de grandes obras o creaci\u00f3n de nuevos espacios el objetivo de quien gobierna una ciudad como Santander debe ser mantener en buen estado las instalaciones e infraestructuras que existen\u201d se\u00f1ala el l\u00edder socialista.<\/p>\n<p><b>Escucha a los vecinos<\/b><\/p>\n<p>Por \u00faltimo, Pedro Casares ha recogido las protestas de vecinos que consideran que el nuevo microespacio donde se va a realizar un parque infantil \u201cno responde a las necesidades del barrio, con una poblaci\u00f3n envejecida que necesita de otros espacios como un huerto urbano\u201d. \u201cDeber\u00edan preguntar a los vecinos antes de tomar una decisi\u00f3n de estas caracter\u00edsticas\u201d, ha afirmado.<\/p>\n<p>Adem\u00e1s, hay numerosas actuaciones como se\u00f1alizaci\u00f3n, reordenaci\u00f3n del tr\u00e1fico en algunas calles, pasos de peatones, iluminaci\u00f3n, bancos, arbolado, mantenimiento urbano,&#8230; muy sencillas de hacer, \u201csi se tiene\u00a0voluntad pol\u00edtica y se escucha a los vecinos\u201d. \u201cLlevan tiempo solicitando algunas actuaciones, que conocen desde el Ayuntamiento y a d\u00eda de hoy no se les ha hecho caso\u201d, concluye. <\/p>\n","protected":false},"excerpt":{"rendered":"<p>El PSOE ha propuesto un plan de reforma integral de Tetu\u00e1n y Barrio Camino de Santander. Lo han anunciado despu\u00e9s de visitar ayer esta zona de la ciudad, dentro de la\u00a0campa\u00f1a de escucha activa\u00a0que se puso\u00a0en marcha en enero de 2017 y con la que los socialistas est\u00e1n recorriendo\u00a0todos los barrios de la ciudad. El [&hellip;]<\/p>\n","protected":false},"author":2,"featured_media":885,"comment_status":"open","ping_status":"open","sticky":false,"template":"","format":"standard","meta":{"tdm_status":"","tdm_grid_status":"","footnotes":""},"categories":[20,16,6],"tags":[],"class_list":["post-884","post","type-post","status-publish","format-standard","has-post-thumbnail","hentry","category-santander","category-noticias-santander","category-agrupaciones"],"_links":{"self":[{"href":"https:\/\/www.psc-psoe.es\/index.php\/wp-json\/wp\/v2\/posts\/884","targetHints":{"allow":["GET"]}}],"collection":[{"href":"https:\/\/www.psc-psoe.es\/index.php\/wp-json\/wp\/v2\/posts"}],"about":[{"href":"https:\/\/www.psc-psoe.es\/index.php\/wp-json\/wp\/v2\/types\/post"}],"author":[{"embeddable":true,"href":"https:\/\/www.psc-psoe.es\/index.php\/wp-json\/wp\/v2\/users\/2"}],"replies":[{"embeddable":true,"href":"https:\/\/www.psc-psoe.es\/index.php\/wp-json\/wp\/v2\/comments?post=884"}],"version-history":[{"count":0,"href":"https:\/\/www.psc-psoe.es\/index.php\/wp-json\/wp\/v2\/posts\/884\/revisions"}],"wp:featuredmedia":[{"embeddable":true,"href":"https:\/\/www.psc-psoe.es\/index.php\/wp-json\/wp\/v2\/media\/885"}],"wp:attachment":[{"href":"https:\/\/www.psc-psoe.es\/index.php\/wp-json\/wp\/v2\/media?parent=884"}],"wp:term":[{"taxonomy":"category","embeddable":true,"href":"https:\/\/www.psc-psoe.es\/index.php\/wp-json\/wp\/v2\/categories?post=884"},{"taxonomy":"post_tag","embeddable":true,"href":"https:\/\/www.psc-psoe.es\/index.php\/wp-json\/wp\/v2\/tags?post=884"}],"curies":[{"name":"wp","href":"https:\/\/api.w.org\/{rel}","templated":true}]}}