{"id":8771,"date":"2024-03-13T19:52:58","date_gmt":"2024-03-13T18:52:58","guid":{"rendered":"https:\/\/www.psc-psoe.es\/?p=8771"},"modified":"2024-03-13T19:52:58","modified_gmt":"2024-03-13T18:52:58","slug":"los-socialistas-en-el-congreso-presentan-la-proposicion-de-ley-para-la-atencion-integral-de-las-personas-afectadas-por-enfermedades-neurodegenerativas","status":"publish","type":"post","link":"https:\/\/www.psc-psoe.es\/index.php\/2024\/03\/13\/los-socialistas-en-el-congreso-presentan-la-proposicion-de-ley-para-la-atencion-integral-de-las-personas-afectadas-por-enfermedades-neurodegenerativas\/","title":{"rendered":"Los socialistas en el Congreso presentan la Proposici\u00f3n de Ley para la atenci\u00f3n integral de las personas afectadas por enfermedades neurodegenerativas"},"content":{"rendered":"<p style=\"font-weight: 400;\"><strong>Santander, 13 de marzo de 2024<\/strong>. La secretaria de Organizaci\u00f3n del PSOE Cantabria y diputada en el Congreso, Noelia Cobo, ha anunciado que \u201cel Grupo Parlamentario Socialista, junto a Sumar, presentan en el Congreso una Proposici\u00f3n de Ley para la atenci\u00f3n integral de las personas afectadas por enfermedades neurodegenerativas\u201d.<\/p>\n<p style=\"font-weight: 400;\">Una norma, ha explicado, que \u201crecoge la simplificaci\u00f3n de los tr\u00e1mites de acreditaci\u00f3n, la agilizaci\u00f3n y reducci\u00f3n de las esperas y da respuesta a las personas en situaci\u00f3n de electrodependencia\u201d. \u201cSon cuestiones clave en la norma que garantizan el buen hacer en las prestaciones de atenci\u00f3n sociosanitaria y que suponen un antes y un despu\u00e9s en el d\u00eda a d\u00eda de las personas que sufren estas enfermedades\u201d, ha sentenciado.<\/p>\n<p style=\"font-weight: 400;\">La, tambi\u00e9n, miembro del Grupo de Trabajo de Inclusi\u00f3n Social y Derechos Sociales del Congreso ha anunciado que as\u00ed, \u201ccomienzan los tr\u00e1mites en las Cortes Generales de una norma que recoge uno de los aspectos clave: activa las ayudas para las personas con Esclerosis Lateral Amiotr\u00f3fica\u201d.<\/p>\n<p style=\"font-weight: 400;\">En este sentido, Cobo ha trasladado la \u201cnecesidad de facilitar, mantener o devolver el mayor grado de capacidad funcional e independencia posible a las personas que viven enfermedades como\u00a0 el ELA, con el fin de mantener su m\u00e1xima autonom\u00eda, mejorar la calidad de vida y reintegrarles en su medio habitual\u201d.<\/p>\n<p style=\"font-weight: 400;\">Cuestiones \u201ctransversales\u201d, ha dicho, \u201cque van desde facilitar los traslados a los centros de salud, hasta la creaci\u00f3n de centros para personas enfermas espec\u00edficamente adaptados a sus necesidades\u201d.<\/p>\n<p style=\"font-weight: 400;\">Una visi\u00f3n, ha concluido Cobo, \u201cgeneral de la atenci\u00f3n que requieren situaciones de este tipo, que se traduce directamente en una mejor calidad de vida para los y las pacientes\u201d.<\/p>\n<p style=\"font-weight: 400;\">Finalmente, Noelia Cobo ha concluido que \u201cla dependencia es una cuesti\u00f3n que nos afecta a todos y todas y que est\u00e1 directamente relacionada con ofrecer la posibilidad de garantizar una vida digna a las personas que lo necesitan\u201d, ha continuado, \u201cdesde el PSOE ponemos en el centro de nuestras pol\u00edticas la necesidad de garantizar la igualdad de oportunidades\u201d.<\/p>\n<p style=\"font-weight: 400;\">\n","protected":false},"excerpt":{"rendered":"<p>Santander, 13 de marzo de 2024. La secretaria de Organizaci\u00f3n del PSOE Cantabria y diputada en el Congreso, Noelia Cobo, ha anunciado que \u201cel Grupo Parlamentario Socialista, junto a Sumar, presentan en el Congreso una Proposici\u00f3n de Ley para la atenci\u00f3n integral de las personas afectadas por enfermedades neurodegenerativas\u201d. Una norma, ha explicado, que \u201crecoge [&hellip;]<\/p>\n","protected":false},"author":6,"featured_media":8772,"comment_status":"open","ping_status":"closed","sticky":false,"template":"","format":"standard","meta":{"tdm_status":"","tdm_grid_status":"","footnotes":""},"categories":[14,411,25],"tags":[],"class_list":["post-8771","post","type-post","status-publish","format-standard","has-post-thumbnail","hentry","category-notas-de-prensa","category-cortes-generales","category-actualidad"],"_links":{"self":[{"href":"https:\/\/www.psc-psoe.es\/index.php\/wp-json\/wp\/v2\/posts\/8771","targetHints":{"allow":["GET"]}}],"collection":[{"href":"https:\/\/www.psc-psoe.es\/index.php\/wp-json\/wp\/v2\/posts"}],"about":[{"href":"https:\/\/www.psc-psoe.es\/index.php\/wp-json\/wp\/v2\/types\/post"}],"author":[{"embeddable":true,"href":"https:\/\/www.psc-psoe.es\/index.php\/wp-json\/wp\/v2\/users\/6"}],"replies":[{"embeddable":true,"href":"https:\/\/www.psc-psoe.es\/index.php\/wp-json\/wp\/v2\/comments?post=8771"}],"version-history":[{"count":1,"href":"https:\/\/www.psc-psoe.es\/index.php\/wp-json\/wp\/v2\/posts\/8771\/revisions"}],"predecessor-version":[{"id":8773,"href":"https:\/\/www.psc-psoe.es\/index.php\/wp-json\/wp\/v2\/posts\/8771\/revisions\/8773"}],"wp:featuredmedia":[{"embeddable":true,"href":"https:\/\/www.psc-psoe.es\/index.php\/wp-json\/wp\/v2\/media\/8772"}],"wp:attachment":[{"href":"https:\/\/www.psc-psoe.es\/index.php\/wp-json\/wp\/v2\/media?parent=8771"}],"wp:term":[{"taxonomy":"category","embeddable":true,"href":"https:\/\/www.psc-psoe.es\/index.php\/wp-json\/wp\/v2\/categories?post=8771"},{"taxonomy":"post_tag","embeddable":true,"href":"https:\/\/www.psc-psoe.es\/index.php\/wp-json\/wp\/v2\/tags?post=8771"}],"curies":[{"name":"wp","href":"https:\/\/api.w.org\/{rel}","templated":true}]}}