{"id":8695,"date":"2024-02-27T18:53:55","date_gmt":"2024-02-27T17:53:55","guid":{"rendered":"https:\/\/www.psc-psoe.es\/?p=8695"},"modified":"2024-02-27T18:54:41","modified_gmt":"2024-02-27T17:54:41","slug":"cundo-caso-apuesta-por-la-creacion-de-un-observatorio-rural-como-mecanismo-de-garantia-rural-y-lucha-contra-la-despoblacion-en-cantabria-y-espana","status":"publish","type":"post","link":"https:\/\/www.psc-psoe.es\/index.php\/2024\/02\/27\/cundo-caso-apuesta-por-la-creacion-de-un-observatorio-rural-como-mecanismo-de-garantia-rural-y-lucha-contra-la-despoblacion-en-cantabria-y-espana\/","title":{"rendered":"Cundo Caso apuesta por la creaci\u00f3n de un Observatorio Rural como mecanismo de garant\u00eda rural y lucha contra la despoblaci\u00f3n en Cantabria y Espa\u00f1a"},"content":{"rendered":"<p><b><span lang=\"ES-TRAD\">Santander, 27 de febrero de 2024<\/span><\/b><span lang=\"ES-TRAD\">. El senador socialista y secretario de Pol\u00edtica Municipal del PSOE de Cantabria, Cundo Caso, ha asegurado que \u201ces necesaria la creaci\u00f3n de un Observatorio Rural a nivel nacional como mecanismo de garant\u00eda rural y lucha contra la despoblaci\u00f3n en Cantabria y Espa\u00f1a\u201d, con varios objetivos como son \u201cimpulsar pol\u00edticas p\u00fablicas o fortalecer el v\u00ednculo urbano \u2013 rural,\u00a0<\/span>bas\u00e1ndose en datos y an\u00e1lisis rigurosos y cient\u00edficos\u201d.<\/p>\n<p><span lang=\"ES-TRAD\">As\u00ed se ha manifestado Caso durante su intervenci\u00f3n este martes en\u00a0<\/span><span lang=\"ES-TRAD\">l<\/span>a Comisi\u00f3n de Reto Demogr\u00e1fico y Despoblaci\u00f3n del Senado sobre la creaci\u00f3n de un Observatorio Rural en Espa\u00f1a, \u201cnecesario para Cantabria y el resto de las comunidades aut\u00f3nomas para lograr la igualdad entre las zonas rurales y urbanas\u201d. Un objetivo, ha dicho, \u201cque parece no tener Mar\u00eda Jos\u00e9 S\u00e1enz de Buruaga, que permanece impasible mientras nuestros pueblos se vac\u00edan, no tiene pol\u00edticas para luchar contra la despoblaci\u00f3n y tampoco se pronuncia sobre ello y adem\u00e1s, aplica las pol\u00edticas de los recortes en los servicios p\u00fablicos, como sucede con la sanidad en Li\u00e9bana\u201d.<\/p>\n<p>Seg\u00fan ha manifestado, este observatorio a nivel nacional, \u201cpermitir\u00e1\u00a0<span lang=\"ES-TRAD\">mejorar la recogida de datos y an\u00e1lisis, adem\u00e1s de ser un instrumento para la formulaci\u00f3n\u00a0<\/span><span lang=\"ES-TRAD\">de pol\u00edticas p\u00fablicas sustentadas no en base\u00a0<\/span>exclusivamente ideol\u00f3gica, sino basadas en investigaciones rigurosas, emp\u00edricas y sistem\u00e1ticas, as\u00ed como estrategias del sector privado, organizaciones y asociaciones de la sociedad civil&#8221;.<\/p>\n<p>Adem\u00e1s, ha indicado, \u201ceste observatorio debe contar con la\u00a0participaci\u00f3n activa de la sociedad civil y de los grupos de acci\u00f3n local, apostando por la transparencia y los procesos participativos y se act\u00fae con la m\u00e1xima celeridad y eficacia, sirva como elemento clave en la toma de decisiones, teniendo en cuenta los principios, recomendaciones y herramientas propuestas por la Uni\u00f3n Europea en el marco de la Visi\u00f3n a Largo Plazo para las Zonas Rurales y de la Pol\u00edtica de Cohesi\u00f3n\u201d.<\/p>\n<p>\u201cLo que se mide, se puede mejorar\u201d, ha indicado y es por ello por lo que el Observatorio Rural es tambi\u00e9n una propuesta de la UE para materializar el mecanismo rural de garant\u00eda. De hecho, ha recordado, \u201cel\u00a0observatorio rural europeo inaugurado por la Comisi\u00f3n Europea en enero de este a\u00f1o 2023\u201d, ahora, \u201cEspa\u00f1a puede seguir sentando precedente a nivel europeo, siendo el primer pa\u00eds de la UE que configure este instrumento a nivel nacional\u201d.<\/p>\n<p>El senador socialista ha se\u00f1alado que \u201cse requieren nuevas formas de intervenci\u00f3n que nos hagan reflexionar y acabar con todas aquellas disfuncionalidades de car\u00e1cter estructural; reduciendo las disparidades y promoviendo un desarroll\u00f3 a m\u00e1s largo plazo, para lograr un verdadero desarrollo sostenible\u201d.<\/p>\n<p>Para esto, ha dicho, \u201clo que necesitamos son cambios sist\u00e9micos, aplicar una visi\u00f3n integral y multisectorial de los territorios, as\u00ed como un enfoque de base local para basarnos en inversiones adaptadas con precisi\u00f3n a las necesidades de cada lugar, acompa\u00f1ada por una mejora de la gobernanza multinivel con una forma de intervenir los territorios m\u00e1s coherente y coordinada.<\/p>\n<p>Por eso, ha explicado, \u201cy para mejorar la situaci\u00f3n desde el punto de vista de las pol\u00edticas p\u00fablicas\u201d, se debe aplicar, ha dicho, \u201cla metodolog\u00eda Rural Proofing o mecanismo de garant\u00eda rural, para revisar, examinar y evaluar todas las pol\u00edticas p\u00fablicas con el objetivo de garantizar que no perjudican a las zonas rurales, adem\u00e1s de ser una herramienta eficaz de comunicaci\u00f3n y coordinaci\u00f3n entre el Gobierno y la poblaci\u00f3n rural\u201d.<\/p>\n<p>En este sentido, Caso ha destacado que \u201cpor primera vez tenemos un Gobierno en Espa\u00f1a, liderado por Pedro S\u00e1nchez que tiene un compromiso claro con el reto demogr\u00e1fico y que trabaja para revertir esta situaci\u00f3n gracias a un Plan de m\u00e1s de 13.000 millones de euros, con el foco puesto en los peque\u00f1os municipios, acompa\u00f1ado por el Plan 130, del Plan de Recuperaci\u00f3n Transformaci\u00f3n y Resiliencia, que ha supuesto una lluvia fina de inversi\u00f3n en el medio rural, haciendo al territorio protagonista de su transformaci\u00f3n\u201d.<\/p>\n","protected":false},"excerpt":{"rendered":"<p>Santander, 27 de febrero de 2024. El senador socialista y secretario de Pol\u00edtica Municipal del PSOE de Cantabria, Cundo Caso, ha asegurado que \u201ces necesaria la creaci\u00f3n de un Observatorio Rural a nivel nacional como mecanismo de garant\u00eda rural y lucha contra la despoblaci\u00f3n en Cantabria y Espa\u00f1a\u201d, con varios objetivos como son \u201cimpulsar pol\u00edticas [&hellip;]<\/p>\n","protected":false},"author":7,"featured_media":8696,"comment_status":"open","ping_status":"closed","sticky":false,"template":"","format":"standard","meta":{"tdm_status":"","tdm_grid_status":"","footnotes":""},"categories":[411],"tags":[],"class_list":["post-8695","post","type-post","status-publish","format-standard","has-post-thumbnail","hentry","category-cortes-generales"],"_links":{"self":[{"href":"https:\/\/www.psc-psoe.es\/index.php\/wp-json\/wp\/v2\/posts\/8695","targetHints":{"allow":["GET"]}}],"collection":[{"href":"https:\/\/www.psc-psoe.es\/index.php\/wp-json\/wp\/v2\/posts"}],"about":[{"href":"https:\/\/www.psc-psoe.es\/index.php\/wp-json\/wp\/v2\/types\/post"}],"author":[{"embeddable":true,"href":"https:\/\/www.psc-psoe.es\/index.php\/wp-json\/wp\/v2\/users\/7"}],"replies":[{"embeddable":true,"href":"https:\/\/www.psc-psoe.es\/index.php\/wp-json\/wp\/v2\/comments?post=8695"}],"version-history":[{"count":0,"href":"https:\/\/www.psc-psoe.es\/index.php\/wp-json\/wp\/v2\/posts\/8695\/revisions"}],"wp:featuredmedia":[{"embeddable":true,"href":"https:\/\/www.psc-psoe.es\/index.php\/wp-json\/wp\/v2\/media\/8696"}],"wp:attachment":[{"href":"https:\/\/www.psc-psoe.es\/index.php\/wp-json\/wp\/v2\/media?parent=8695"}],"wp:term":[{"taxonomy":"category","embeddable":true,"href":"https:\/\/www.psc-psoe.es\/index.php\/wp-json\/wp\/v2\/categories?post=8695"},{"taxonomy":"post_tag","embeddable":true,"href":"https:\/\/www.psc-psoe.es\/index.php\/wp-json\/wp\/v2\/tags?post=8695"}],"curies":[{"name":"wp","href":"https:\/\/api.w.org\/{rel}","templated":true}]}}