{"id":866,"date":"2017-09-24T14:54:39","date_gmt":"2017-09-24T13:54:39","guid":{"rendered":"http:\/\/psc-psoe.es\/?p=866"},"modified":"2019-02-19T13:37:10","modified_gmt":"2019-02-19T12:37:10","slug":"el-psoe-alerta-de-las-intenciones-del-pp-de-privatizar-el-tus","status":"publish","type":"post","link":"https:\/\/www.psc-psoe.es\/index.php\/2017\/09\/24\/el-psoe-alerta-de-las-intenciones-del-pp-de-privatizar-el-tus\/","title":{"rendered":"El PSOE alerta de las intenciones del PP de privatizar el TUS"},"content":{"rendered":"<div>El secretario general del PSOE y portavoz municipal, Pedro Casares, alerta de las intenciones del equipo de gobierno del Partido Popular de privatizar el servicio de Transportes Urbanos de Santander (TUS).<\/div>\n<div><\/div>\n<div>Casares muestra su preocupaci\u00f3n tras conocer los datos de la situaci\u00f3n del servicio, tras la aprobaci\u00f3n el pasado viernes, 22 de septiembre, por parte del Consejo de Administraci\u00f3n del TUS del presupuesto para 2018, que asciende a 20,8 millones de euros, de los cuales los ingresos del servicio son solo de 9,6 millones de euros.<\/div>\n<div><\/div>\n<div>A su vez, el l\u00edder socialista denuncia que el d\u00e9ficit presupuestario del servicio se incrementa un 15% en 2018 hasta llegar a los 11,2 millones de euros, frente a los 9,7 millones de 2017.<\/div>\n<div><\/div>\n<div><strong>Proceso de privatizaci\u00f3n\u00a0<\/strong><\/div>\n<div><\/div>\n<div>\u201cMientras se gastan 6 millones de euros en construir un carril bus y comprar autobuses articulados para ello, el servicio se deteriora, las vacantes no se cubren y la gesti\u00f3n es desastrosa\u201d denuncia Casares.<\/div>\n<div><\/div>\n<div>Para el edil, todos los datos indican que la intenci\u00f3n del Partido Popular es \u201cclara y evidente\u201d, que no es otra que la privatizaci\u00f3n del servicio. Como muestras de ello, los incrementos del d\u00e9ficit, las continuas contrataciones de m\u00e1s servicios y l\u00edneas con empresas privadas, la paralizaci\u00f3n de contrataci\u00f3n de nuevo personal o la adquisici\u00f3n de autobuses con el sistema de renting.<\/div>\n<div><\/div>\n<div>En este sentido, el portavoz del PSOE considera \u201cpreocupante\u201d el incremento del contrato con una empresa privada un 18% para 2018. De esta forma, el contrato con una empresa privada, pasa de los 2,2 millones de euros de 2017 a 2,6 millones en 2018.<\/div>\n<div>Otro de los datos que preocupa al l\u00edder de los socialistas santanderinos es que para 2018 no hay prevista ninguna incorporaci\u00f3n de personal fijo, ni tampoco la intenci\u00f3n de cubrir las vacantes que se han generado a lo largo de 2017 ni las que producir\u00e1n en 2018.<\/div>\n<div><\/div>\n<div>Asimismo, Casares explica que con las compras de autobuses con el sistema de renting, se paga el doble de lo que cuestan realmente los autobuses. Con ello, el PP quiere buscar la justificaci\u00f3n de que el servicio p\u00fablico del TUS \u201ces insostenible\u201d para razonar porque consideraran a futuro que el servicio debe privatizarse \u00edntegramente.<\/div>\n<div><\/div>\n<div><strong>Gesti\u00f3n p\u00fablica 100%<\/strong><\/div>\n<div><\/div>\n<div>Para finalizar, Casares asegura que el PSOE apuesta porque la gesti\u00f3n del TUS \u201csea 100% publica\u201d, \u00a0por la necesidad de dotar de nuevas plazas de personal al servicio y por una mejor gesti\u00f3n, como garant\u00eda de calidad y de un mejor servicio de transporte al ciudadano.<\/div>\n<div><\/div>\n<div>Asimismo, asegura que la medida urgente para Santander es poner en marcha es la gratuidad del TUS para parados de larga duraci\u00f3n sin prestaci\u00f3n. Y propone establecer progresividad en algunas bonificaciones existentes como las de familia numerosa.<\/div>\n<div><\/div>\n<div>\u201cNo tiene sentido que todas las familias numerosas viajes gratis porque hay muchas familias numerosas que pueden pagar perfectamente este servicio y otras personas no pueden pag\u00e1rselo y no reciben esta bonificaci\u00f3n al no ser familias numerosas\u201d subraya el edil.<\/div>\n<div><\/div>\n<div>Por \u00faltimo, Pedro Casares considera una buena medida aumentar la bonificaci\u00f3n para personas mayores de 65 a\u00f1os hasta 1,5 veces el IPREM en lugar de 1 vez el IPREM para el pr\u00f3ximo a\u00f1o \u201cporque dar\u00e1 cobertura a m\u00e1s personas en situaci\u00f3n de vulnerabilidad\u201d.<\/div>\n","protected":false},"excerpt":{"rendered":"<p>El secretario general del PSOE y portavoz municipal, Pedro Casares, alerta de las intenciones del equipo de gobierno del Partido Popular de privatizar el servicio de Transportes Urbanos de Santander (TUS). Casares muestra su preocupaci\u00f3n tras conocer los datos de la situaci\u00f3n del servicio, tras la aprobaci\u00f3n el pasado viernes, 22 de septiembre, por parte [&hellip;]<\/p>\n","protected":false},"author":2,"featured_media":867,"comment_status":"open","ping_status":"open","sticky":false,"template":"","format":"standard","meta":{"tdm_status":"","tdm_grid_status":"","footnotes":""},"categories":[20,16],"tags":[],"class_list":["post-866","post","type-post","status-publish","format-standard","has-post-thumbnail","hentry","category-santander","category-noticias-santander"],"_links":{"self":[{"href":"https:\/\/www.psc-psoe.es\/index.php\/wp-json\/wp\/v2\/posts\/866","targetHints":{"allow":["GET"]}}],"collection":[{"href":"https:\/\/www.psc-psoe.es\/index.php\/wp-json\/wp\/v2\/posts"}],"about":[{"href":"https:\/\/www.psc-psoe.es\/index.php\/wp-json\/wp\/v2\/types\/post"}],"author":[{"embeddable":true,"href":"https:\/\/www.psc-psoe.es\/index.php\/wp-json\/wp\/v2\/users\/2"}],"replies":[{"embeddable":true,"href":"https:\/\/www.psc-psoe.es\/index.php\/wp-json\/wp\/v2\/comments?post=866"}],"version-history":[{"count":0,"href":"https:\/\/www.psc-psoe.es\/index.php\/wp-json\/wp\/v2\/posts\/866\/revisions"}],"wp:featuredmedia":[{"embeddable":true,"href":"https:\/\/www.psc-psoe.es\/index.php\/wp-json\/wp\/v2\/media\/867"}],"wp:attachment":[{"href":"https:\/\/www.psc-psoe.es\/index.php\/wp-json\/wp\/v2\/media?parent=866"}],"wp:term":[{"taxonomy":"category","embeddable":true,"href":"https:\/\/www.psc-psoe.es\/index.php\/wp-json\/wp\/v2\/categories?post=866"},{"taxonomy":"post_tag","embeddable":true,"href":"https:\/\/www.psc-psoe.es\/index.php\/wp-json\/wp\/v2\/tags?post=866"}],"curies":[{"name":"wp","href":"https:\/\/api.w.org\/{rel}","templated":true}]}}