{"id":8603,"date":"2024-02-15T12:49:21","date_gmt":"2024-02-15T11:49:21","guid":{"rendered":"https:\/\/www.psc-psoe.es\/?p=8603"},"modified":"2024-02-15T12:49:21","modified_gmt":"2024-02-15T11:49:21","slug":"zuloaga-denuncia-que-es-inadmisible-que-docentes-en-cantabria-no-perciban-en-sus-nominas-el-montante-economico-que-les-corresponde","status":"publish","type":"post","link":"https:\/\/www.psc-psoe.es\/index.php\/2024\/02\/15\/zuloaga-denuncia-que-es-inadmisible-que-docentes-en-cantabria-no-perciban-en-sus-nominas-el-montante-economico-que-les-corresponde\/","title":{"rendered":"Zuloaga denuncia que \u201ces inadmisible\u201d que docentes en Cantabria \u201cno perciban en sus n\u00f3minas el montante econ\u00f3mico que les corresponde\u201d"},"content":{"rendered":"<div id=\":1xu\" class=\"ii gt\">\n<div id=\":1xx\" class=\"a3s aiL \">\n<div dir=\"ltr\">\n<div>\n<p><b><span lang=\"ES-TRAD\">Santander, 15 de febrero de 2024<\/span><\/b><span lang=\"ES-TRAD\">. El secretario general del PSC-PSOE y portavoz parlamentario, Pablo Zuloaga, ha denunciado que \u201ces inadmisible\u201d que docentes en Cantabria \u201cno perciban en sus n\u00f3minas el montante econ\u00f3mico que les corresponde\u201d.\u00a0<\/span><\/p>\n<p><span lang=\"ES-TRAD\">As\u00ed se ha manifestado tras anunciar que \u201cdesde el Grupo Parlamentario Socialista presentamos iniciativas para que el Gobierno regional aclare si conoc\u00eda la situaci\u00f3n, cu\u00e1l es el motivo de ese recorte en el cobro, si creen que es aceptable, qu\u00e9 soluci\u00f3n van a proponer y qu\u00e9 medidas van a anticipar para que no vuelva a ocurrir\u201d.<\/span><\/p>\n<p><span lang=\"ES-TRAD\">\u201cEs un grave problema que el Gobierno de Buruaga debe solucionar cuanto antes\u201d, dado que, ha continuado, \u201cest\u00e1 poniendo en juego el futuro de la educaci\u00f3n en Cantabria\u201d.<\/span><\/p>\n<p><span lang=\"ES-TRAD\">En este sentido, Zuloaga ha explicado que \u201cunos docentes con condiciones laborales dignas es sin\u00f3nimo de una educaci\u00f3n p\u00fablica de calidad\u201d.\u00a0<\/span><\/p>\n<p><span lang=\"ES-TRAD\">Porque, ha finalizado, \u201cgarantizando que el sistema es eficiente y justo, conseguimos que nuestra educaci\u00f3n p\u00fablica sea el ascensor social que nos iguala a todos y todas\u201d.<\/span><\/p>\n<\/div>\n<\/div>\n<\/div>\n<\/div>\n","protected":false},"excerpt":{"rendered":"<p>Santander, 15 de febrero de 2024. El secretario general del PSC-PSOE y portavoz parlamentario, Pablo Zuloaga, ha denunciado que \u201ces inadmisible\u201d que docentes en Cantabria \u201cno perciban en sus n\u00f3minas el montante econ\u00f3mico que les corresponde\u201d.\u00a0 As\u00ed se ha manifestado tras anunciar que \u201cdesde el Grupo Parlamentario Socialista presentamos iniciativas para que el Gobierno regional [&hellip;]<\/p>\n","protected":false},"author":7,"featured_media":8604,"comment_status":"open","ping_status":"closed","sticky":false,"template":"","format":"standard","meta":{"tdm_status":"","tdm_grid_status":"","footnotes":""},"categories":[14,25],"tags":[],"class_list":["post-8603","post","type-post","status-publish","format-standard","has-post-thumbnail","hentry","category-notas-de-prensa","category-actualidad"],"_links":{"self":[{"href":"https:\/\/www.psc-psoe.es\/index.php\/wp-json\/wp\/v2\/posts\/8603","targetHints":{"allow":["GET"]}}],"collection":[{"href":"https:\/\/www.psc-psoe.es\/index.php\/wp-json\/wp\/v2\/posts"}],"about":[{"href":"https:\/\/www.psc-psoe.es\/index.php\/wp-json\/wp\/v2\/types\/post"}],"author":[{"embeddable":true,"href":"https:\/\/www.psc-psoe.es\/index.php\/wp-json\/wp\/v2\/users\/7"}],"replies":[{"embeddable":true,"href":"https:\/\/www.psc-psoe.es\/index.php\/wp-json\/wp\/v2\/comments?post=8603"}],"version-history":[{"count":0,"href":"https:\/\/www.psc-psoe.es\/index.php\/wp-json\/wp\/v2\/posts\/8603\/revisions"}],"wp:featuredmedia":[{"embeddable":true,"href":"https:\/\/www.psc-psoe.es\/index.php\/wp-json\/wp\/v2\/media\/8604"}],"wp:attachment":[{"href":"https:\/\/www.psc-psoe.es\/index.php\/wp-json\/wp\/v2\/media?parent=8603"}],"wp:term":[{"taxonomy":"category","embeddable":true,"href":"https:\/\/www.psc-psoe.es\/index.php\/wp-json\/wp\/v2\/categories?post=8603"},{"taxonomy":"post_tag","embeddable":true,"href":"https:\/\/www.psc-psoe.es\/index.php\/wp-json\/wp\/v2\/tags?post=8603"}],"curies":[{"name":"wp","href":"https:\/\/api.w.org\/{rel}","templated":true}]}}