{"id":8602,"date":"2024-02-15T12:53:10","date_gmt":"2024-02-15T11:53:10","guid":{"rendered":"https:\/\/www.psc-psoe.es\/?p=8602"},"modified":"2024-02-15T13:07:29","modified_gmt":"2024-02-15T12:07:29","slug":"8602","status":"publish","type":"post","link":"https:\/\/www.psc-psoe.es\/index.php\/2024\/02\/15\/8602\/","title":{"rendered":"I CONVOCATORIA DEL PREMIO PARA TRABAJOS DE INVESTIGACI\u00d3N ECON\u00d3MICA Y SOCIAL DE LA FUNDACI\u00d3N MATILDE DE LA TORRE"},"content":{"rendered":"<h1 class=\"p1\"><b>I CONVOCATORIA DEL PREMIO PARA TRABAJOS DE INVESTIGACI\u00d3N ECON\u00d3MICA Y SOCIAL DE LA FUNDACI\u00d3N MATILDE DE LA TORRE. 2024<\/b><\/h1>\n<p class=\"p3\">Comprometida con el desarrollo econ\u00f3mico y social de Cantabria, la Fundaci\u00f3n Matilde de la Torre convoca la Primera edici\u00f3n del Premio para Trabajos de investigaci\u00f3n econ\u00f3mica y social con el \u00e1nimo de fomentar el desarrollo de estudios que, desde el \u00e1mbito de las ciencias sociales, entendidas en sentido amplio, contribuyan al bienestar y progreso de los ciudadanos y ciudadanas de la Comunidad aut\u00f3noma.<\/p>\n<p class=\"p3\"><b>BASES: <\/b><\/p>\n<p class=\"p3\">Se convoca, en su primera edici\u00f3n, el Premio Matilde de la Torre para trabajos de investigaci\u00f3n econ\u00f3mica y\/o social vinculados a Cantabria.<\/p>\n<p class=\"p3\">Podr\u00e1n concurrir al premio trabajos de investigaci\u00f3n realizados en el \u00e1mbito de las ciencias sociales y vinculados a la realidad de Cantabria, con los que se contribuya al desarrollo econ\u00f3mico y al progreso social de la regi\u00f3n.<\/p>\n<p class=\"p3\">Los trabajos podr\u00e1n ser in\u00e9ditos o haber sido ya publicados. En el primer caso deber\u00e1n haberse realizado con posterioridad al 1 de enero de 2023, y en el segundo, haber sido publicados a partir de esa misma fecha. Los trabajos deber\u00e1n estar redactados en castellano o, en su defecto, aportar traducci\u00f3n.<\/p>\n<p class=\"p3\">Los trabajos ser\u00e1n presentados en PDF antes del d\u00eda 1 de abril del 2024, y se enviar\u00e1n a la siguiente direcci\u00f3n de correo electr\u00f3nico: <a href=\"mailto:fundacionmatildedelatorre@psc-psoe.es\"><span class=\"s1\">fundacionmatildedelatorre@psc-psoe.es<\/span><\/a> En el caso de trabajos editados podr\u00e1n enviarse o entregarse en mano en la siguiente direcci\u00f3n: c\/Vargas 45, 1\u00ba A 39010 Santander.<\/p>\n<p class=\"p3\">La presentaci\u00f3n del trabajo de investigaci\u00f3n deber\u00e1 acompa\u00f1arse de declaraci\u00f3n jurada de la autor\u00eda. En caso de coautor\u00eda deber\u00e1 ser firmada por todos los coautores.<\/p>\n<p class=\"p3\">El premio consistir\u00e1 en un diploma acreditativo, un trofeo conmemorativo y la cantidad de 1.000 euros, a los que se aplicar\u00e1, en su caso, la retenci\u00f3n fiscal correspondiente. En el caso de trabajos in\u00e9ditos el premio podr\u00e1 incluir su publicaci\u00f3n, siempre de acuerdo con el autor o autores.<\/p>\n<p class=\"p3\">El jurado estar\u00e1 compuesto por siete miembros, patronos y asesores de la Fundaci\u00f3n Matilde de la Torre. Actuar\u00e1 como presidente D. \u00c1ngel Pelayo Gonz\u00e1lez Torre, catedr\u00e1tico de Filosof\u00eda del Derecho. Como secretaria D\u00f1a. Emilia Calleja Peredo, Lcda.Filosof\u00eda y Letras ex jefa de servicio de Patrimonio Cultural. Y como vocales, D. Andr\u00e9s Hoyo Aparicio (profesor titular de Historia Contempor\u00e1nea en la UC), D\u00f1a. Paz de la Cuesta Aguado (Catedr\u00e1tica de Derecho Penal en la UC), D. \u00c1ngel Agudo san Emeterio (Doctor en Econom\u00eda y ex consejero de Econom\u00eda del Gobierno de Cantabria), D. Gustavo Garc\u00eda Garc\u00eda (Lcdo. en Historia del Arte y ex director General de Trabajo del Gobierno de Cantabria) y D\u00f1a. Alicia Renedo Alonso (secretaria de Igualdad del PSC-PSOE y ex directora general de Igualdad del Gobierno de Cantabria)<\/p>\n<p class=\"p3\">El jurado podr\u00e1 entregar el premio compartido o declararle desierto.<\/p>\n<p class=\"p3\">El fallo del jurado ser\u00e1 inapelable y ser\u00e1 comunicado personalmente al ganador.<\/p>\n<p class=\"p3\">El premio se entregar\u00e1 en un acto p\u00fablico y requerir\u00e1 la presencia del premiado o alguien que le represente.<\/p>\n","protected":false},"excerpt":{"rendered":"<p>I CONVOCATORIA DEL PREMIO PARA TRABAJOS DE INVESTIGACI\u00d3N ECON\u00d3MICA Y SOCIAL DE LA FUNDACI\u00d3N MATILDE DE LA TORRE. 2024 Comprometida con el desarrollo econ\u00f3mico y social de Cantabria, la Fundaci\u00f3n Matilde de la Torre convoca la Primera edici\u00f3n del Premio para Trabajos de investigaci\u00f3n econ\u00f3mica y social con el \u00e1nimo de fomentar el desarrollo de [&hellip;]<\/p>\n","protected":false},"author":11,"featured_media":8610,"comment_status":"open","ping_status":"closed","sticky":false,"template":"","format":"standard","meta":{"tdm_status":"","tdm_grid_status":"","footnotes":""},"categories":[415],"tags":[],"class_list":["post-8602","post","type-post","status-publish","format-standard","has-post-thumbnail","hentry","category-premios-matilde-de-la-torre"],"_links":{"self":[{"href":"https:\/\/www.psc-psoe.es\/index.php\/wp-json\/wp\/v2\/posts\/8602","targetHints":{"allow":["GET"]}}],"collection":[{"href":"https:\/\/www.psc-psoe.es\/index.php\/wp-json\/wp\/v2\/posts"}],"about":[{"href":"https:\/\/www.psc-psoe.es\/index.php\/wp-json\/wp\/v2\/types\/post"}],"author":[{"embeddable":true,"href":"https:\/\/www.psc-psoe.es\/index.php\/wp-json\/wp\/v2\/users\/11"}],"replies":[{"embeddable":true,"href":"https:\/\/www.psc-psoe.es\/index.php\/wp-json\/wp\/v2\/comments?post=8602"}],"version-history":[{"count":0,"href":"https:\/\/www.psc-psoe.es\/index.php\/wp-json\/wp\/v2\/posts\/8602\/revisions"}],"wp:featuredmedia":[{"embeddable":true,"href":"https:\/\/www.psc-psoe.es\/index.php\/wp-json\/wp\/v2\/media\/8610"}],"wp:attachment":[{"href":"https:\/\/www.psc-psoe.es\/index.php\/wp-json\/wp\/v2\/media?parent=8602"}],"wp:term":[{"taxonomy":"category","embeddable":true,"href":"https:\/\/www.psc-psoe.es\/index.php\/wp-json\/wp\/v2\/categories?post=8602"},{"taxonomy":"post_tag","embeddable":true,"href":"https:\/\/www.psc-psoe.es\/index.php\/wp-json\/wp\/v2\/tags?post=8602"}],"curies":[{"name":"wp","href":"https:\/\/api.w.org\/{rel}","templated":true}]}}