{"id":8571,"date":"2024-02-13T15:52:33","date_gmt":"2024-02-13T14:52:33","guid":{"rendered":"https:\/\/www.psc-psoe.es\/?p=8571"},"modified":"2024-02-15T13:08:35","modified_gmt":"2024-02-15T12:08:35","slug":"i-convocatoria-del-premio-ejemplar-en-defensa-de-la-democracia","status":"publish","type":"post","link":"https:\/\/www.psc-psoe.es\/index.php\/2024\/02\/13\/i-convocatoria-del-premio-ejemplar-en-defensa-de-la-democracia\/","title":{"rendered":"I CONVOCATORIA DEL PREMIO A LA TRAYECTORIA EJEMPLAR EN DEFENSA DE LA DEMOCRACIA"},"content":{"rendered":"<h1 class=\"p1\"><b>I CONVOCATORIA DEL PREMIO A LA TRAYECTORIA EJEMPLAR EN DEFENSA DE LA DEMOCRACIA, LA PROMOCI\u00d3N DE LA IGUALDAD Y LA JUSTICIA SOCIAL DE LA FUNDACI\u00d3N MATILDE DE LA TORRE. 2024<\/b><\/h1>\n<h5 class=\"p1\">Comprometida con el desarrollo econ\u00f3mico y social de Cantabria, la Fundaci\u00f3n Matilde de la Torre convoca la Primera edici\u00f3n del Premio a la Trayectoria ejemplar en defensa de la democracia, la promoci\u00f3n de la igualdad y la justicia social en Cantabria con el fin de reconocer el m\u00e9rito de quienes han venido desarrollando a lo largo del tiempo proyectos e iniciativas vinculadas al fomento de la igualdad y la justicia social o a la defensa de la democracia y sus valores entre los ciudadanos y ciudadanas de la Comunidad aut\u00f3noma.<\/h5>\n<p class=\"p1\">El premio se convoca con las siguientes<\/p>\n<p class=\"p1\"><b>BASES: <\/b><\/p>\n<p class=\"p1\">Se convoca, en su primera edici\u00f3n, el Premio Matilde de la Torre a la Trayectoria ejemplar en defensa de la democracia, la promoci\u00f3n de la igualdad y la justicia social en Cantabria.<\/p>\n<p class=\"p1\">El premio est\u00e1 destinado a personas f\u00edsicas o jur\u00eddicas, asociaciones, empresas, ONGs. y otras instituciones que hayan destacado por iniciativas coincidentes con el objetivo de este premio, en defensa de la democracia, la igualdad y la justicia social, especialmente en lo referido al \u00e1mbito de la Comunidad aut\u00f3noma.<\/p>\n<p class=\"p1\">Las propuestas podr\u00e1n ser presentadas por cualquier persona f\u00edsica o jur\u00eddica, debi\u00e9ndose acompa\u00f1ar de un breve informe en el que se recoja la actividad realizada por la persona o entidad en la l\u00ednea pretendida por el premio.<\/p>\n<p class=\"p1\">Las propuestas se presentar\u00e1n antes del 1 de abril del 2024, bien a trav\u00e9s del correo electr\u00f3nico: <a href=\"mailto:fundacionmatildedelatorre@psc-psoe.es\"><span class=\"s1\">fundacionmatildedelatorre@psc-psoe.es<\/span><\/a> o bien en mano o correo postal en: c\/Vargas 45, 1\u00ba A, 39010 Santander.<\/p>\n<p class=\"p1\">Las propuestas ser\u00e1n valoradas en una reuni\u00f3n del Patronato de la Fundaci\u00f3n convocada al efecto, quien actuar\u00e1 como jurado.<\/p>\n<p class=\"p1\">El premio consistir\u00e1 en un diploma acreditativo y un trofeo conmemorativo.<\/p>\n<p class=\"p1\">El jurado podr\u00e1 entregar el premio compartido o declararle desierto.<\/p>\n<p class=\"p1\">El fallo del jurado ser\u00e1 inapelable.<\/p>\n<p class=\"p1\">El premio se entregar\u00e1 en un acto p\u00fablico y requerir\u00e1 la presencia de la persona o instituci\u00f3n premiada o alguien que la represente.<\/p>\n","protected":false},"excerpt":{"rendered":"<p>I CONVOCATORIA DEL PREMIO A LA TRAYECTORIA EJEMPLAR EN DEFENSA DE LA DEMOCRACIA, LA PROMOCI\u00d3N DE LA IGUALDAD Y LA JUSTICIA SOCIAL DE LA FUNDACI\u00d3N MATILDE DE LA TORRE. 2024 Comprometida con el desarrollo econ\u00f3mico y social de Cantabria, la Fundaci\u00f3n Matilde de la Torre convoca la Primera edici\u00f3n del Premio a la Trayectoria ejemplar [&hellip;]<\/p>\n","protected":false},"author":11,"featured_media":8611,"comment_status":"open","ping_status":"closed","sticky":false,"template":"","format":"standard","meta":{"tdm_status":"","tdm_grid_status":"","footnotes":""},"categories":[415],"tags":[],"class_list":["post-8571","post","type-post","status-publish","format-standard","has-post-thumbnail","hentry","category-premios-matilde-de-la-torre"],"_links":{"self":[{"href":"https:\/\/www.psc-psoe.es\/index.php\/wp-json\/wp\/v2\/posts\/8571","targetHints":{"allow":["GET"]}}],"collection":[{"href":"https:\/\/www.psc-psoe.es\/index.php\/wp-json\/wp\/v2\/posts"}],"about":[{"href":"https:\/\/www.psc-psoe.es\/index.php\/wp-json\/wp\/v2\/types\/post"}],"author":[{"embeddable":true,"href":"https:\/\/www.psc-psoe.es\/index.php\/wp-json\/wp\/v2\/users\/11"}],"replies":[{"embeddable":true,"href":"https:\/\/www.psc-psoe.es\/index.php\/wp-json\/wp\/v2\/comments?post=8571"}],"version-history":[{"count":0,"href":"https:\/\/www.psc-psoe.es\/index.php\/wp-json\/wp\/v2\/posts\/8571\/revisions"}],"wp:featuredmedia":[{"embeddable":true,"href":"https:\/\/www.psc-psoe.es\/index.php\/wp-json\/wp\/v2\/media\/8611"}],"wp:attachment":[{"href":"https:\/\/www.psc-psoe.es\/index.php\/wp-json\/wp\/v2\/media?parent=8571"}],"wp:term":[{"taxonomy":"category","embeddable":true,"href":"https:\/\/www.psc-psoe.es\/index.php\/wp-json\/wp\/v2\/categories?post=8571"},{"taxonomy":"post_tag","embeddable":true,"href":"https:\/\/www.psc-psoe.es\/index.php\/wp-json\/wp\/v2\/tags?post=8571"}],"curies":[{"name":"wp","href":"https:\/\/api.w.org\/{rel}","templated":true}]}}