{"id":8455,"date":"2024-01-27T13:28:02","date_gmt":"2024-01-27T12:28:02","guid":{"rendered":"https:\/\/www.psc-psoe.es\/?p=8455"},"modified":"2024-01-27T13:28:02","modified_gmt":"2024-01-27T12:28:02","slug":"charo-losa-renuncia-por-motivos-personales-a-su-acta-de-concejala-en-el-ayuntamiento-de-laredo","status":"publish","type":"post","link":"https:\/\/www.psc-psoe.es\/index.php\/2024\/01\/27\/charo-losa-renuncia-por-motivos-personales-a-su-acta-de-concejala-en-el-ayuntamiento-de-laredo\/","title":{"rendered":"Charo Losa renuncia por motivos personales a su acta de concejala en el Ayuntamiento de Laredo"},"content":{"rendered":"<p><b>Laredo, 27 de enero del 2024.<\/b> La secretaria general del PSOE de Laredo, Charo Losa, renunciar\u00e1 este lunes, 29 de enero, a su acta como concejala en el ayuntamiento. Losa asumi\u00f3 el cargo como alcaldesa en mayo de 2019 y su mandato dur\u00f3 hasta las elecciones locales del 28 de mayo de 2023.<span class=\"Apple-converted-space\">\u00a0<\/span><\/p>\n<p>La decisi\u00f3n se debe a motivos personales y ha sido comunicada por la propia Charo Losa en la asamblea que la agrupaci\u00f3n socialista de Laredo ha celebrado este s\u00e1bado. A la misma ha asistido la secretaria de Organizaci\u00f3n y diputada nacional del PSOE de Cantabria, Noelia Cobo que le ha agradecido \u201cdel trabajo realizado y el compromiso demostrado por Charo durante su etapa institucional en el consistorio\u201d.<span class=\"Apple-converted-space\">\u00a0<\/span><\/p>\n<p>Tras su renuncia al acta de concejala, tomar\u00e1 posesi\u00f3n como concejal Javier Ram\u00edrez, n\u00famero 3 en la candidatura.<span class=\"Apple-converted-space\">\u00a0<\/span><\/p>\n<p>La hasta ahora concejala socialista, continuar\u00e1 con su cargo como secretaria general del PSOE de Laredo dedic\u00e1ndose a la vida org\u00e1nica del partido. Su objetivo, ha dicho, \u201cser\u00e1 reforzar nuestra agrupaci\u00f3n y seguir saliendo a las calles para que los vecinos y vecinas nos conozcan y sepan que estamos para ayudarles, escucharlos y atender sus necesidades\u201d.<span class=\"Apple-converted-space\">\u00a0<\/span><\/p>\n<p>Charo Losa ha agradecido el trabajo de sus compa\u00f1eros y compa\u00f1eras en el ayuntamiento y les ha transmitido todo su apoyo. \u201cAhora seguir\u00e9 a su lado, ayudando a mi partido y a mis compa\u00f1eros para lograr el mejor Laredo\u201d, ha concluido la socialista.<\/p>\n","protected":false},"excerpt":{"rendered":"<p>Laredo, 27 de enero del 2024. La secretaria general del PSOE de Laredo, Charo Losa, renunciar\u00e1 este lunes, 29 de enero, a su acta como concejala en el ayuntamiento. Losa asumi\u00f3 el cargo como alcaldesa en mayo de 2019 y su mandato dur\u00f3 hasta las elecciones locales del 28 de mayo de 2023.\u00a0 La decisi\u00f3n [&hellip;]<\/p>\n","protected":false},"author":6,"featured_media":8456,"comment_status":"open","ping_status":"closed","sticky":false,"template":"","format":"standard","meta":{"tdm_status":"","tdm_grid_status":"","footnotes":""},"categories":[14,41,25],"tags":[],"class_list":["post-8455","post","type-post","status-publish","format-standard","has-post-thumbnail","hentry","category-notas-de-prensa","category-costa-oriental","category-actualidad"],"_links":{"self":[{"href":"https:\/\/www.psc-psoe.es\/index.php\/wp-json\/wp\/v2\/posts\/8455","targetHints":{"allow":["GET"]}}],"collection":[{"href":"https:\/\/www.psc-psoe.es\/index.php\/wp-json\/wp\/v2\/posts"}],"about":[{"href":"https:\/\/www.psc-psoe.es\/index.php\/wp-json\/wp\/v2\/types\/post"}],"author":[{"embeddable":true,"href":"https:\/\/www.psc-psoe.es\/index.php\/wp-json\/wp\/v2\/users\/6"}],"replies":[{"embeddable":true,"href":"https:\/\/www.psc-psoe.es\/index.php\/wp-json\/wp\/v2\/comments?post=8455"}],"version-history":[{"count":0,"href":"https:\/\/www.psc-psoe.es\/index.php\/wp-json\/wp\/v2\/posts\/8455\/revisions"}],"wp:featuredmedia":[{"embeddable":true,"href":"https:\/\/www.psc-psoe.es\/index.php\/wp-json\/wp\/v2\/media\/8456"}],"wp:attachment":[{"href":"https:\/\/www.psc-psoe.es\/index.php\/wp-json\/wp\/v2\/media?parent=8455"}],"wp:term":[{"taxonomy":"category","embeddable":true,"href":"https:\/\/www.psc-psoe.es\/index.php\/wp-json\/wp\/v2\/categories?post=8455"},{"taxonomy":"post_tag","embeddable":true,"href":"https:\/\/www.psc-psoe.es\/index.php\/wp-json\/wp\/v2\/tags?post=8455"}],"curies":[{"name":"wp","href":"https:\/\/api.w.org\/{rel}","templated":true}]}}