{"id":8439,"date":"2024-01-23T13:10:01","date_gmt":"2024-01-23T12:10:01","guid":{"rendered":"https:\/\/www.psc-psoe.es\/?p=8439"},"modified":"2024-01-23T13:28:37","modified_gmt":"2024-01-23T12:28:37","slug":"zuloaga-el-perte-de-descarbonizacion-es-un-proyecto-ambicioso-garantia-de-futuro-para-solvay-y-su-plantilla-en-el-que-llevamos-trabajando-desde-2018","status":"publish","type":"post","link":"https:\/\/www.psc-psoe.es\/index.php\/2024\/01\/23\/zuloaga-el-perte-de-descarbonizacion-es-un-proyecto-ambicioso-garantia-de-futuro-para-solvay-y-su-plantilla-en-el-que-llevamos-trabajando-desde-2018\/","title":{"rendered":"Zuloaga: \u201cEl PERTE de descarbonizaci\u00f3n es un proyecto ambicioso, garant\u00eda de futuro para Solvay y su plantilla en el que llevamos trabajando desde 2018&#8243;\u2028"},"content":{"rendered":"<p><b>Santander, 23 de enero de 2024<\/b>. El secretario general del PSC-PSOE y portavoz parlamentario, Pablo Zuloaga, ha explicado que \u201cel PERTE de descarbonizaci\u00f3n del Gobierno de Espa\u00f1a al que aspira Solvay es un proyecto ambicioso, garant\u00eda de futuro para la empresa y su plantilla\u201d. Un proyecto, ha clarificado, \u201cque podr\u00e1 suponer un revulsivo de 30 millones de euros para la empresa en el que hemos trabajado los y las socialistas de Cantabria y Torrelavega desde 2018, con el objetivo de garantizar la continuidad de la planta, clave para Barreda, Torrelavega, todo el Besaya y toda Cantabria\u201d.<\/p>\n<p>As\u00ed se ha manifestado Zuloaga durante una atenci\u00f3n a medios de comunicaci\u00f3n previa a la reuni\u00f3n con el Comit\u00e9 de Empresa de Solvay. Un encuentro en el que ha estado acompa\u00f1ado por el secretario general del PSOE Torrelavega, Jos\u00e9 Luis Urraca, que ha servido para ultimar los detalles de la empresa de cara a la presentaci\u00f3n del PERTE, una convocatoria, ha detallado,<span class=\"Apple-converted-space\">\u00a0 <\/span>cuya \u201cprimera fase, que es la primera publicaci\u00f3n que se realiz\u00f3 el 28 de diciembre -conocido como descarbonizaci\u00f3n industrial-, contempla la inversi\u00f3n de 1.000 millones de euros desde los Fondos Europeos a trav\u00e9s del Gobierno de Espa\u00f1a, de los cuales 500 podr\u00edan ser en subvenciones y 500 en f\u00f3rmulas de financiaci\u00f3n para los proyectos de descarbonizaci\u00f3n\u201d.<\/p>\n<p>En esta l\u00ednea, Zuloaga ha agradecido \u201cel compromiso y apoyo demostrado desde 2018 por Solvay y su Comit\u00e9 de Empresa, cuando inici\u00f3 su proyecto de descarbonizaci\u00f3n\u201d, adem\u00e1s de \u201cla disposici\u00f3n del presidente de Espa\u00f1a y secretario general del PSOE, Pedro S\u00e1nchez, y su Gobierno por poner encima de la mesa soluciones a los retos de futuro de la planta de Barreda\u201d.<\/p>\n<p style=\"text-align: center;\"><div class=\"epyt-video-wrapper\"><iframe loading=\"lazy\"  id=\"_ytid_25953\"  width=\"696\" height=\"392\"  data-origwidth=\"696\" data-origheight=\"392\" src=\"https:\/\/www.youtube.com\/embed\/Bd5x403TYWI?enablejsapi=1&autoplay=0&cc_load_policy=0&cc_lang_pref=&iv_load_policy=1&loop=0&rel=0&fs=1&playsinline=0&autohide=2&theme=dark&color=red&controls=1&\" class=\"__youtube_prefs__  no-lazyload\" title=\"YouTube player\"  allow=\"fullscreen; accelerometer; autoplay; clipboard-write; encrypted-media; gyroscope; picture-in-picture\" allowfullscreen data-no-lazy=\"1\" data-skipgform_ajax_framebjll=\"\"><\/iframe><\/div><\/p>\n<p>Solvay ya trabaja en \u201cla convocatoria, que comienza el 24 de enero a las 00:00 horas\u201d, ha expuesto Zuloaga, \u201ccon la implementaci\u00f3n de cada documento en la plataforma del Ministerio\u201d.<\/p>\n<p>La meta, ha continuado, \u201cen la que llevan a\u00f1os trabajando que pretende dejar atr\u00e1s la generaci\u00f3n de energ\u00eda con carb\u00f3n para hacerlo a trav\u00e9s de energ\u00edas renovables accediendo a esos mil millones de financiaci\u00f3n de la Uni\u00f3n Europea\u201d.<\/p>\n<p>\u201cConseguirlo ser\u00e1 una muy buena noticia para Torrelavega, el Besaya y toda Cantabria\u201d, ha continuado, \u201cen el apoyo del Gobierno de Espa\u00f1a a la industria madura de nuestra tierra, afrontando procesos de Transici\u00f3n Ecol\u00f3gica gracias a la llegada de Fondos Europeos\u201d.<\/p>\n<p>En este sentido, Zuloaga ha asegurado que el encuentro con el Comit\u00e9 de Empresa tiene el objetivo de \u201cconocer los pormenores del proyecto que presentar\u00e1 Solvay al Ministerio\u201d y que espera, ha a\u00f1adido, \u201ctenga el respaldo de las instituciones europeas para garantizar la continuidad de la planta de Solvay en Torrelavega y la de la industria en Cantabria\u201d.<\/p>\n<p>El secretario general del PSOE Torrelavega, Jos\u00e9 Luis Urraca, por su parte, ha asegurado que \u201cel PSOE Cantabria, a trav\u00e9s de Pablo Zuloaga, ha sido el hilo conductor entre el Comit\u00e9 de Empresa, Solvay y el Gobierno de Espa\u00f1a, estando donde debemos los representantes p\u00fablicos: gestionando lo que es vital para la ciudadan\u00eda y las ciudades\u201d.<\/p>\n<p>Urraca ha insistido en que \u201cdemuestra el compromiso del PSOE Cantabria, el PSOE Torrelavega y el Gobierno de Espa\u00f1a con Cantabria y la cuenca del Besaya\u201d.<span class=\"Apple-converted-space\">\u00a0<\/span><\/p>\n<p>\u201cEste PERTE le permite a Solvay acometer la transformaci\u00f3n de su proceso productivo con una reducci\u00f3n importante de las emisiones de CO2 a la Atm\u00f3sfera\u201d, ha explicado, adem\u00e1s, \u201cadapt\u00e1ndose a la nueva normativa europea que rige para todas las industrias y, por lo tanto, seguir manteniendo la competitividad y seguir prestando un importante servicio a nuestra sociedad y a nuestro pa\u00eds en la creaci\u00f3n de empleo y en la generaci\u00f3n de actividad econ\u00f3mica\u201d, ha sentenciado Urraca.<\/p>\n<p>Finalmente, el l\u00edder de los y las socialistas de Torrelavega ha insistido en que \u201cvenimos desde hace ya cuatro a\u00f1os trabajando de la mano del Gobierno de Espa\u00f1a, con diferentes secretarios de Estado que, adem\u00e1s, han visitado la f\u00e1brica gracias al impulso del anterior vicepresidente del Gobierno de Cantabria y secretario general del Partido Socialista, Pablo Zuloaga, para que a partir de ma\u00f1ana, el PERTE sea una realidad para la planta en Barreda\u201d.<\/p>\n","protected":false},"excerpt":{"rendered":"<p>Santander, 23 de enero de 2024. El secretario general del PSC-PSOE y portavoz parlamentario, Pablo Zuloaga, ha explicado que \u201cel PERTE de descarbonizaci\u00f3n del Gobierno de Espa\u00f1a al que aspira Solvay es un proyecto ambicioso, garant\u00eda de futuro para la empresa y su plantilla\u201d. Un proyecto, ha clarificado, \u201cque podr\u00e1 suponer un revulsivo de 30 [&hellip;]<\/p>\n","protected":false},"author":6,"featured_media":8440,"comment_status":"open","ping_status":"closed","sticky":false,"template":"","format":"standard","meta":{"tdm_status":"","tdm_grid_status":"","footnotes":""},"categories":[14,25],"tags":[],"class_list":["post-8439","post","type-post","status-publish","format-standard","has-post-thumbnail","hentry","category-notas-de-prensa","category-actualidad"],"_links":{"self":[{"href":"https:\/\/www.psc-psoe.es\/index.php\/wp-json\/wp\/v2\/posts\/8439","targetHints":{"allow":["GET"]}}],"collection":[{"href":"https:\/\/www.psc-psoe.es\/index.php\/wp-json\/wp\/v2\/posts"}],"about":[{"href":"https:\/\/www.psc-psoe.es\/index.php\/wp-json\/wp\/v2\/types\/post"}],"author":[{"embeddable":true,"href":"https:\/\/www.psc-psoe.es\/index.php\/wp-json\/wp\/v2\/users\/6"}],"replies":[{"embeddable":true,"href":"https:\/\/www.psc-psoe.es\/index.php\/wp-json\/wp\/v2\/comments?post=8439"}],"version-history":[{"count":0,"href":"https:\/\/www.psc-psoe.es\/index.php\/wp-json\/wp\/v2\/posts\/8439\/revisions"}],"wp:featuredmedia":[{"embeddable":true,"href":"https:\/\/www.psc-psoe.es\/index.php\/wp-json\/wp\/v2\/media\/8440"}],"wp:attachment":[{"href":"https:\/\/www.psc-psoe.es\/index.php\/wp-json\/wp\/v2\/media?parent=8439"}],"wp:term":[{"taxonomy":"category","embeddable":true,"href":"https:\/\/www.psc-psoe.es\/index.php\/wp-json\/wp\/v2\/categories?post=8439"},{"taxonomy":"post_tag","embeddable":true,"href":"https:\/\/www.psc-psoe.es\/index.php\/wp-json\/wp\/v2\/tags?post=8439"}],"curies":[{"name":"wp","href":"https:\/\/api.w.org\/{rel}","templated":true}]}}