{"id":8339,"date":"2023-12-19T11:47:15","date_gmt":"2023-12-19T10:47:15","guid":{"rendered":"https:\/\/www.psc-psoe.es\/?p=8339"},"modified":"2023-12-20T13:26:18","modified_gmt":"2023-12-20T12:26:18","slug":"zuloaga-se-tiene-que-buscar-una-solucion-inmediata-para-implantar-el-quinto-contenedor-en-cantabria-y-no-perder-las-ayudas-que-llegan-de-europa-a-traves-del-gobierno-de-esp","status":"publish","type":"post","link":"https:\/\/www.psc-psoe.es\/index.php\/2023\/12\/19\/zuloaga-se-tiene-que-buscar-una-solucion-inmediata-para-implantar-el-quinto-contenedor-en-cantabria-y-no-perder-las-ayudas-que-llegan-de-europa-a-traves-del-gobierno-de-esp\/","title":{"rendered":"Zuloaga: \u201cSe tiene que buscar una soluci\u00f3n inmediata para implantar el \u2018quinto contenedor\u2019 en Cantabria y no perder las ayudas que llegan de Europa a trav\u00e9s del Gobierno de Espa\u00f1a\u201d"},"content":{"rendered":"<p><strong>Santander, 19 de diciembre del 2023. <\/strong>El secretario general del PSC-PSOE y portavoz parlamentario, Pablo Zuloaga, ha manifestado que \u201cel Gobierno de Buruaga tiene que buscar una soluci\u00f3n inmediata para implantar el \u2018quinto contenedor\u2019 en Cantabria y no perder las ayudas que llegan de Europa a trav\u00e9s del Gobierno de Espa\u00f1a\u201d, y m\u00e1s en concreto desde el Ministerio de Transici\u00f3n Ecol\u00f3gica y Reto Demogr\u00e1fico.<\/p>\n<p>Zuloaga ha se\u00f1alado que \u201cel Ejecutivo regional est\u00e1 desobedeciendo las \u00f3rdenes de Europa y est\u00e1 despreocupado completamente por impulsar la sostenibilidad en nuestra comunidad aut\u00f3noma\u201d.<\/p>\n<p>Por este motivo, el Grupo Parlamentario Socialista ha registrado en el Parlamento regional diferentes iniciativas parlamentarias dirigidas al Gobierno de Cantabria para conocer el motivo por el cual no se ha implantado ese contenedor marr\u00f3n; qu\u00e9 consecuencias tendr\u00e1 no hacerlo; cu\u00e1ntos fondos ha recibido el Gobierno de Cantabria por parte del Ministerio que dirige Teresa Ribero par su implantaci\u00f3n; a qu\u00e9 se han dedicado esos fondos y qu\u00e9 medidas se van a tomar con la persona que ha gestionado los fondos transferidos.<\/p>\n<p>Y es que, ha recordado, \u201csi no cumplimos con la ley, sino implantamos ese nuevo contenedor marr\u00f3n en nuestras calles, la Comisi\u00f3n Europea no solo nos penalizar\u00e1, sino que el Ministerio dejar\u00e1 de enviar fondos europeos a Cantabria para llevar a cabo esta iniciativa\u201d.<\/p>\n<p>\u201cNo basta con desarrollar el proyecto piloto en la cuenca del Besaya, ya conocemos c\u00f3mo funciona esta iniciativa y debe de implantarse con agilidad\u201d, ha precisado.<\/p>\n<p>Para el dirigente socialista, \u201cel medio ambiente no es una cuesti\u00f3n de futuro, es una cuesti\u00f3n de presente, y no podemos perder el tiempo. Desde las instituciones debemos de poner todos los medios para poder reciclar, porque la lucha contra el cambio clim\u00e1tico es una lucha de todos y todas\u201d.<\/p>\n<p>No obstante, ha dicho, \u201cno solo nos quedamos atr\u00e1s en la implantaci\u00f3n del contenedor marr\u00f3n, sino que la planta que se preve\u00eda construir en el vertedero de Meruelo para gestionar los residuos org\u00e1nicos no se ha construido ni se sabe cuando estar\u00e1 operativa\u201d. Sobre estas cuestiones, ha concluido, \u201cy para salir de dudas, tambi\u00e9n hemos registrado preguntas parlamentarias para que el Ejecutivo explique la situaci\u00f3n en la que se encuentra la planta y cuando estar\u00e1 en funcionamiento\u201d.<\/p>\n","protected":false},"excerpt":{"rendered":"<p>Santander, 19 de diciembre del 2023. El secretario general del PSC-PSOE y portavoz parlamentario, Pablo Zuloaga, ha manifestado que \u201cel Gobierno de Buruaga tiene que buscar una soluci\u00f3n inmediata para implantar el \u2018quinto contenedor\u2019 en Cantabria y no perder las ayudas que llegan de Europa a trav\u00e9s del Gobierno de Espa\u00f1a\u201d, y m\u00e1s en concreto [&hellip;]<\/p>\n","protected":false},"author":6,"featured_media":8340,"comment_status":"open","ping_status":"closed","sticky":false,"template":"","format":"standard","meta":{"tdm_status":"","tdm_grid_status":"","footnotes":""},"categories":[14,24,25],"tags":[],"class_list":["post-8339","post","type-post","status-publish","format-standard","has-post-thumbnail","hentry","category-notas-de-prensa","category-partido","category-actualidad"],"_links":{"self":[{"href":"https:\/\/www.psc-psoe.es\/index.php\/wp-json\/wp\/v2\/posts\/8339","targetHints":{"allow":["GET"]}}],"collection":[{"href":"https:\/\/www.psc-psoe.es\/index.php\/wp-json\/wp\/v2\/posts"}],"about":[{"href":"https:\/\/www.psc-psoe.es\/index.php\/wp-json\/wp\/v2\/types\/post"}],"author":[{"embeddable":true,"href":"https:\/\/www.psc-psoe.es\/index.php\/wp-json\/wp\/v2\/users\/6"}],"replies":[{"embeddable":true,"href":"https:\/\/www.psc-psoe.es\/index.php\/wp-json\/wp\/v2\/comments?post=8339"}],"version-history":[{"count":0,"href":"https:\/\/www.psc-psoe.es\/index.php\/wp-json\/wp\/v2\/posts\/8339\/revisions"}],"wp:featuredmedia":[{"embeddable":true,"href":"https:\/\/www.psc-psoe.es\/index.php\/wp-json\/wp\/v2\/media\/8340"}],"wp:attachment":[{"href":"https:\/\/www.psc-psoe.es\/index.php\/wp-json\/wp\/v2\/media?parent=8339"}],"wp:term":[{"taxonomy":"category","embeddable":true,"href":"https:\/\/www.psc-psoe.es\/index.php\/wp-json\/wp\/v2\/categories?post=8339"},{"taxonomy":"post_tag","embeddable":true,"href":"https:\/\/www.psc-psoe.es\/index.php\/wp-json\/wp\/v2\/tags?post=8339"}],"curies":[{"name":"wp","href":"https:\/\/api.w.org\/{rel}","templated":true}]}}