{"id":8213,"date":"2023-11-18T12:07:55","date_gmt":"2023-11-18T11:07:55","guid":{"rendered":"https:\/\/www.psc-psoe.es\/?p=8213"},"modified":"2023-11-18T12:07:55","modified_gmt":"2023-11-18T11:07:55","slug":"pablo-zuloaga-asegura-que-el-gobierno-de-buruaga-debe-garantizar-la-consolidacion-del-patrimonio-de-cantabria-con-la-recuperacion-de-lugares-singulares-como-isla-pedrosa","status":"publish","type":"post","link":"https:\/\/www.psc-psoe.es\/index.php\/2023\/11\/18\/pablo-zuloaga-asegura-que-el-gobierno-de-buruaga-debe-garantizar-la-consolidacion-del-patrimonio-de-cantabria-con-la-recuperacion-de-lugares-singulares-como-isla-pedrosa\/","title":{"rendered":"Pablo Zuloaga asegura que \u201cel Gobierno de Buruaga debe garantizar la consolidaci\u00f3n del patrimonio de Cantabria, con la recuperaci\u00f3n de lugares singulares como Isla Pedrosa\u201d"},"content":{"rendered":"<p><strong>Santander, 18 de noviembre de 2023<\/strong>. El secretario general del PSC-PSOE y portavoz parlamentario, Pablo Zuloaga, ha asegurado que \u201cno podemos dejar que nuestro patrimonio desaparezca\u201d. El Gobierno de Cantabria, seg\u00fan Zuloaga, \u201ctiene la obligaci\u00f3n de garantizar la consolidaci\u00f3n del patrimonio de nuestra Comunidad Aut\u00f3noma, con la recuperaci\u00f3n de lugares singulares como Isla Pedrosa\u201d.<\/p>\n<p>Lugares, ha remarcado, que \u201clos y las socialistas desde la Consejer\u00eda de Empleo y Pol\u00edticas Sociales tratamos de reactivar: adjudicamos la obra de rehabilitaci\u00f3n que daba inicio a la recuperaci\u00f3n integral de los edificios que conforman Isla Pedrosa\u201d. Una tendencia, ha asegurado Zuloaga, que \u201choy vemos como el Partido Popular olvida, dejando que nuestro patrimonio se deteriore hasta que no podamos recuperarlo, tal y como hicieron cuando gobernaron\u201d.<\/p>\n<p>Por ello, Zuloaga que ha visitado Isla Pedrosa junto al alcalde de Marina de Cudeyo, Pedro P\u00e9rez Ferradas, la secretaria de Organizaci\u00f3n y diputada nacional, Noelia Cobo y el diputado auton\u00f3mico, Jorge Guti\u00e9rrez, ha anunciado que \u201cdesde el Grupo Parlamentario Socialista llevamos varias preguntas al Parlamento de Cantabria para conocer qu\u00e9 actuaciones y proyectos se van a llevar a cabo para dar continuidad a las actividades planteadas para esta zona clave en Marina de Cudeyo\u201d. Zuloaga, ha detallado que \u201cqueremos conocer su planteamiento para Isla Pedrosa, m\u00e1s all\u00e1 de los claramente insuficientes 55.000 euros para continuar con el acondicionamiento del teatro que ya iniciamos la pasada legislatura, cu\u00e1les van a ser esas actividades y esos proyectos que se conviertan en un revulsivo para esta parte del patrimonio de Marina de Cudeyo y de Cantabria\u201d.<\/p>\n<p>\u201cHablamos no solo de avanzar en la recuperaci\u00f3n del patrimonio, sino de mantener las actividades que ocupaban la zona en materia de dependencia y de escuelas de talento joven\u201d, ha continuado, \u201clos y las socialistas dimos pasos en la activaci\u00f3n de Isla Pedrosa, ahora es el Gobierno del Partido Popular quien debe continuar con su reactivaci\u00f3n\u201d.<\/p>\n<p>En este sentido, el l\u00edder de los socialistas de Cantabria ha explicado que \u201cya impulsamos la rehabilitaci\u00f3n del Teatro de Isla Pedrosa, con una inversi\u00f3n de 200.000 euros para poder aprovechar el edificio, unas obras que actualmente est\u00e1n en el olvido por la inacci\u00f3n del PP\u201d. Asimismo, Zuloaga ha destacado \u201cla creaci\u00f3n de las aulas de Formaci\u00f3n del antiguo Lazareto, que impulsamos los socialistas para impulsar la actividad formativa que mejore la empleabilidad de los colectivos m\u00e1s desfavorecidos\u201d. \u201cPasos hacia adelante en la recuperaci\u00f3n de este espacio que dimos los socialistas tras el Covid, que el Gobierno de Buruaga, parece haber olvidado\u201d, ha sentenciado.<\/p>\n<p>Finalmente, Zuloaga ha explicado que \u201cla zona tiene un especial inter\u00e9s tanto para Marina de Cudeyo, como para toda Cantabria\u201d. Ha asegurado que \u201ces responsabilidad de las instituciones que esta pieza clave en la historia del municipio no quede en el olvido\u201d, ha remarcado, \u201cdado el inter\u00e9s que genera tanto en vecinos y vecinas, como en toda la ciudadan\u00eda de Cantabria\u201d.<\/p>\n","protected":false},"excerpt":{"rendered":"<p>Santander, 18 de noviembre de 2023. El secretario general del PSC-PSOE y portavoz parlamentario, Pablo Zuloaga, ha asegurado que \u201cno podemos dejar que nuestro patrimonio desaparezca\u201d. El Gobierno de Cantabria, seg\u00fan Zuloaga, \u201ctiene la obligaci\u00f3n de garantizar la consolidaci\u00f3n del patrimonio de nuestra Comunidad Aut\u00f3noma, con la recuperaci\u00f3n de lugares singulares como Isla Pedrosa\u201d. Lugares, [&hellip;]<\/p>\n","protected":false},"author":7,"featured_media":8214,"comment_status":"open","ping_status":"closed","sticky":false,"template":"","format":"standard","meta":{"tdm_status":"","tdm_grid_status":"","footnotes":""},"categories":[14,1,25],"tags":[],"class_list":["post-8213","post","type-post","status-publish","format-standard","has-post-thumbnail","hentry","category-notas-de-prensa","category-uncategorized","category-actualidad"],"_links":{"self":[{"href":"https:\/\/www.psc-psoe.es\/index.php\/wp-json\/wp\/v2\/posts\/8213","targetHints":{"allow":["GET"]}}],"collection":[{"href":"https:\/\/www.psc-psoe.es\/index.php\/wp-json\/wp\/v2\/posts"}],"about":[{"href":"https:\/\/www.psc-psoe.es\/index.php\/wp-json\/wp\/v2\/types\/post"}],"author":[{"embeddable":true,"href":"https:\/\/www.psc-psoe.es\/index.php\/wp-json\/wp\/v2\/users\/7"}],"replies":[{"embeddable":true,"href":"https:\/\/www.psc-psoe.es\/index.php\/wp-json\/wp\/v2\/comments?post=8213"}],"version-history":[{"count":0,"href":"https:\/\/www.psc-psoe.es\/index.php\/wp-json\/wp\/v2\/posts\/8213\/revisions"}],"wp:featuredmedia":[{"embeddable":true,"href":"https:\/\/www.psc-psoe.es\/index.php\/wp-json\/wp\/v2\/media\/8214"}],"wp:attachment":[{"href":"https:\/\/www.psc-psoe.es\/index.php\/wp-json\/wp\/v2\/media?parent=8213"}],"wp:term":[{"taxonomy":"category","embeddable":true,"href":"https:\/\/www.psc-psoe.es\/index.php\/wp-json\/wp\/v2\/categories?post=8213"},{"taxonomy":"post_tag","embeddable":true,"href":"https:\/\/www.psc-psoe.es\/index.php\/wp-json\/wp\/v2\/tags?post=8213"}],"curies":[{"name":"wp","href":"https:\/\/api.w.org\/{rel}","templated":true}]}}