{"id":8205,"date":"2023-11-17T13:46:19","date_gmt":"2023-11-17T12:46:19","guid":{"rendered":"https:\/\/www.psc-psoe.es\/?p=8205"},"modified":"2023-11-17T13:46:19","modified_gmt":"2023-11-17T12:46:19","slug":"zuloaga-denuncia-la-decision-de-educacion-de-detraer-recursos-de-la-educacion-publica-de-cantabria-para-destinarlos-a-la-concertada-como-lo-va-a-hacer-con-las-pizarras-digitales","status":"publish","type":"post","link":"https:\/\/www.psc-psoe.es\/index.php\/2023\/11\/17\/zuloaga-denuncia-la-decision-de-educacion-de-detraer-recursos-de-la-educacion-publica-de-cantabria-para-destinarlos-a-la-concertada-como-lo-va-a-hacer-con-las-pizarras-digitales\/","title":{"rendered":"Zuloaga denuncia \u201cla decisi\u00f3n de Educaci\u00f3n de detraer recursos de la educaci\u00f3n p\u00fablica de Cantabria para destinarlos a la concertada como lo va a hacer con las pizarras digitales\u201d"},"content":{"rendered":"<p><strong>Santander, 17 de noviembre del 2023.\u00a0<\/strong>El secretario general del PSC-PSOE y portavoz parlamentario, Pablo Zuloaga, ha denunciado \u201cla decisi\u00f3n de la Consejer\u00eda de Educaci\u00f3n de detraer recursos de la educaci\u00f3n p\u00fablica de Cantabria para destinarlos a la educaci\u00f3n concertada como lo va a hacer con las pizarras digitales\u201d. \u201cEsto demuestra la irresponsabilidad del consejero Sergio Silva y el silencio c\u00f3mplice de la presidenta Mar\u00eda Jos\u00e9 S\u00e1enz de Buruaga\u201d, ha se\u00f1alado.<\/p>\n<p>As\u00ed se ha manifestado Zuloaga en una atenci\u00f3n a medios de comunicaci\u00f3n que ha realizado en Torrelavega, acompa\u00f1ado por el secretario general del PSOE de Torrelavega, Jos\u00e9 Luis Urraca y otros compa\u00f1eros y compa\u00f1eras de partido.<\/p>\n<p>El l\u00edder de los socialistas c\u00e1ntabros ha manifestado que \u201cmientras Buruaga se dedica a criticar los pactos de gobernabilidad en Espa\u00f1a, vemos como el PP en Cantabria destruye parcialmente los servicios p\u00fablicos, entre ellos la educaci\u00f3n\u201d.<\/p>\n<p>A su juicio, \u201ces absolutamente injustificable que las pizarras digitales que previsiblemente se iban a ubicar en los centros escolares p\u00fablicos de Cantabria, ahora una buena parte de estos decidan ubicarlas en centros concertados\u201d.<\/p>\n<p>Por este motivo, \u201cdesde el PSOE de Cantabria vamos a exigir el cumplimiento de los compromisos de financiaci\u00f3n de los fondos europeos y que, por tanto, las pizarras digitales que estaban previstas para los centros educativos p\u00fablicos lleguen a esos centros\u201d.<\/p>\n<p>De esta manera, ha anunciado que \u201clos socialistas llevaremos adelante iniciativas parlamentarias para conseguir doblar el brazo al PP y que los recursos p\u00fablicos de la educaci\u00f3n p\u00fablica no se detraigan o minoren para que lleguen a la concertada\u201d.<\/p>\n<p>\u201cQue el consejero Silva y la presidenta Buruaga no tengan duda de que las y los profesionales de la educaci\u00f3n p\u00fablica en Cantabria son los principales garantes de hacer llegar, con las herramientas digitales que necesitamos, la mejor educaci\u00f3n a nuestros hijos e hijas\u201d, ha recalcado.<\/p>\n<p>Por eso, ha destacado, \u201ces fundamental que decisiones como esta no se tomen de manera unilateral por parte del Gobierno de Cantabria, sin contar con los colectivos de los profesionales de la educaci\u00f3n p\u00fablica en nuestra comunidad aut\u00f3noma\u201d.<\/p>\n<p><strong>S\u00e1nchez, presidente del Gobierno<\/strong><\/p>\n<p>Zuloaga ha aprovechado su intervenci\u00f3n para poner en valor al presidente del Gobierno de Espa\u00f1a, Pedro S\u00e1nchez que este viernes ha tomado posesi\u00f3n de su cargo ante el Rey. Esto, ha dicho, \u201cmarca el inicio de legislatura y esa nueva hoja de ruta con el s\u00ed de dos diputados c\u00e1ntabros\u201d.<\/p>\n<p>En palabras del socialista, \u201cse inicia una nueva legislatura donde la derecha va a estar muy empe\u00f1ada en que hablemos de lo que nos separa, mientras que el Partido Socialista con Pedro S\u00e1nchez liderando el nuevo gobierno, va a demostrar con su capacidad de gobierno que lo que quiere hacer es gestionar para la mayor\u00eda social\u201d.<\/p>\n<p>Y es que, ha reiterado, \u201csubiendo el salario m\u00ednimo mejoraremos la capacidad de financiaci\u00f3n de las familias de Cantabria y de toda Espa\u00f1a; revalorizando las pensiones mejoraremos la dignidad de todas aquellas personas mayores que han llegado a su edad de jubilaci\u00f3n y reduciendo la jornada laboral vamos a tener una sociedad mejor y con mayores \u00edndices de convivencia\u201d.<\/p>\n<p>Este es, ha reiterado, \u201cel objetivo del Gobierno de Pedro S\u00e1nchez\u201d adem\u00e1s de \u201cavanzar en m\u00e1s derechos y libertades y garantizar m\u00e1s financiaci\u00f3n para los servicios p\u00fablicos esenciales, que garantizan la igualdad entre territorios y tambi\u00e9n, entre ciudadanos de Cantabria\u201d. Porque, \u201ctener mas recursos para la sanidad p\u00fablica, la educaci\u00f3n p\u00fablica o la dependencia garantizan que todos y todas tengamos acceso a servicios igualitarios, justo lo contrario que defiende el PP en Cantabria y justo lo contrario de esa sanidad business que pretenden aplicar en nuestra comunidad con copagos, para que el que m\u00e1s tenga sea el que mejores servicios p\u00fablicos tenga\u201d, ha sostenido.<\/p>\n<p>No obstante, ha concluido, \u201cenfrente tendr\u00e1n un PSOE que ofrece financiaci\u00f3n para que todos y todas seamos iguales ante servicios esenciales como la sanidad publica\u201d.<\/p>\n","protected":false},"excerpt":{"rendered":"<p>Santander, 17 de noviembre del 2023.\u00a0El secretario general del PSC-PSOE y portavoz parlamentario, Pablo Zuloaga, ha denunciado \u201cla decisi\u00f3n de la Consejer\u00eda de Educaci\u00f3n de detraer recursos de la educaci\u00f3n p\u00fablica de Cantabria para destinarlos a la educaci\u00f3n concertada como lo va a hacer con las pizarras digitales\u201d. \u201cEsto demuestra la irresponsabilidad del consejero Sergio [&hellip;]<\/p>\n","protected":false},"author":7,"featured_media":8208,"comment_status":"open","ping_status":"closed","sticky":false,"template":"","format":"standard","meta":{"tdm_status":"","tdm_grid_status":"","footnotes":""},"categories":[14,1,25],"tags":[],"class_list":["post-8205","post","type-post","status-publish","format-standard","has-post-thumbnail","hentry","category-notas-de-prensa","category-uncategorized","category-actualidad"],"_links":{"self":[{"href":"https:\/\/www.psc-psoe.es\/index.php\/wp-json\/wp\/v2\/posts\/8205","targetHints":{"allow":["GET"]}}],"collection":[{"href":"https:\/\/www.psc-psoe.es\/index.php\/wp-json\/wp\/v2\/posts"}],"about":[{"href":"https:\/\/www.psc-psoe.es\/index.php\/wp-json\/wp\/v2\/types\/post"}],"author":[{"embeddable":true,"href":"https:\/\/www.psc-psoe.es\/index.php\/wp-json\/wp\/v2\/users\/7"}],"replies":[{"embeddable":true,"href":"https:\/\/www.psc-psoe.es\/index.php\/wp-json\/wp\/v2\/comments?post=8205"}],"version-history":[{"count":0,"href":"https:\/\/www.psc-psoe.es\/index.php\/wp-json\/wp\/v2\/posts\/8205\/revisions"}],"wp:featuredmedia":[{"embeddable":true,"href":"https:\/\/www.psc-psoe.es\/index.php\/wp-json\/wp\/v2\/media\/8208"}],"wp:attachment":[{"href":"https:\/\/www.psc-psoe.es\/index.php\/wp-json\/wp\/v2\/media?parent=8205"}],"wp:term":[{"taxonomy":"category","embeddable":true,"href":"https:\/\/www.psc-psoe.es\/index.php\/wp-json\/wp\/v2\/categories?post=8205"},{"taxonomy":"post_tag","embeddable":true,"href":"https:\/\/www.psc-psoe.es\/index.php\/wp-json\/wp\/v2\/tags?post=8205"}],"curies":[{"name":"wp","href":"https:\/\/api.w.org\/{rel}","templated":true}]}}