{"id":8084,"date":"2023-10-10T11:22:51","date_gmt":"2023-10-10T10:22:51","guid":{"rendered":"https:\/\/www.psc-psoe.es\/?p=8084"},"modified":"2023-10-10T11:27:26","modified_gmt":"2023-10-10T10:27:26","slug":"zuloaga-ante-la-falta-de-sensibilidad-de-vox-y-pp-vamos-un-paso-mas-alla-presentamos-una-propuesya-de-ley-de-vivienda-que-garantice-el-acceso-como-un-derecho-constitucional","status":"publish","type":"post","link":"https:\/\/www.psc-psoe.es\/index.php\/2023\/10\/10\/zuloaga-ante-la-falta-de-sensibilidad-de-vox-y-pp-vamos-un-paso-mas-alla-presentamos-una-propuesya-de-ley-de-vivienda-que-garantice-el-acceso-como-un-derecho-constitucional\/","title":{"rendered":"Zuloaga: \u201cAnte la falta de sensibilidad de VOX y PP, vamos un paso m\u00e1s all\u00e1: presentamos una propuesta de Ley de Vivienda que garantice el acceso como un derecho constitucional\u201d"},"content":{"rendered":"<div>\n<p class=\"Cuerpo\"><span class=\"Ninguno\"><b><span lang=\"PT\">Santander, 10 de octubre de 2023. <\/span><\/b><\/span><span class=\"Ninguno\"><span lang=\"ES-TRAD\">El secretario general del PSC-PSOE y portavoz parlamentario, Pablo Zuloaga, ha asegurado que <\/span><\/span><span class=\"Ninguno\"><span dir=\"RTL\" lang=\"AR-SA\">\u201c<\/span><\/span><span class=\"Ninguno\"><span lang=\"ES-TRAD\">ante la falta de sensibilidad de VOX por la reforma de la Ley del Suelo en Cantabria que el PP respalda, los socialistas damos un paso m<\/span><\/span><span class=\"Ninguno\">\u00e1s all<\/span><span class=\"Ninguno\"><span lang=\"PT\">\u00e1 <\/span><\/span><span class=\"Ninguno\"><span lang=\"ES-TRAD\">presentado una proposici<\/span><\/span><span class=\"Ninguno\">\u00f3<\/span><span class=\"Ninguno\"><span lang=\"ES-TRAD\">n de ley de Vivienda de la que iniciamos su tramitaci<\/span><\/span><span class=\"Ninguno\">\u00f3<\/span><span class=\"Ninguno\"><span lang=\"ES-TRAD\">n la semana pasada<\/span><\/span><span class=\"Ninguno\">\u201d<\/span><span class=\"Ninguno\"><span lang=\"ES-TRAD\">. Un texto que, a ojos de Zuloaga, <\/span><\/span><span class=\"Ninguno\"><span dir=\"RTL\" lang=\"AR-SA\">\u201c<\/span><\/span><span class=\"Ninguno\"><span lang=\"ES-TRAD\">garantiza el acceso a una vivienda como un derecho constitucional<\/span><\/span><span class=\"Ninguno\">\u201d.<\/span><\/p>\n<\/div>\n<div>\n<p class=\"Cuerpo\"><span class=\"Ninguno\">As\u00ed <\/span><span class=\"Ninguno\"><span lang=\"ES-TRAD\">se ha manifestado el l<\/span><\/span><span class=\"Ninguno\">\u00ed<\/span><span class=\"Ninguno\"><span lang=\"ES-TRAD\">der de los socialistas de Cantabria en una atenci<\/span><\/span><span class=\"Ninguno\">\u00f3<\/span><span class=\"Ninguno\"><span lang=\"ES-TRAD\">n a medios de comunicaci<\/span><\/span><span class=\"Ninguno\">\u00f3<\/span><span class=\"Ninguno\"><span lang=\"ES-TRAD\">n, donde ha explicado que esta propuesta de ley de vivienda es una reacci<\/span><\/span><span class=\"Ninguno\">\u00f3n <\/span><span class=\"Ninguno\"><span dir=\"RTL\" lang=\"AR-SA\">\u201c<\/span><\/span><span class=\"Ninguno\"><span lang=\"ES-TRAD\">a la luz de lo ocurrido en el Parlamento de Cantabria, con la intenci<\/span><\/span><span class=\"Ninguno\">\u00f3<\/span><span class=\"Ninguno\"><span lang=\"ES-TRAD\">n de la extrema derecha de derogar una de las cl<\/span><\/span><span class=\"Ninguno\">\u00e1<\/span><span class=\"Ninguno\"><span lang=\"ES-TRAD\">usulas de la Ley del Suelo que pretend<\/span><\/span><span class=\"Ninguno\">\u00ed<\/span><span class=\"Ninguno\"><span lang=\"ES-TRAD\">a evitar la construcci<\/span><\/span><span class=\"Ninguno\">\u00f3<\/span><span class=\"Ninguno\"><span lang=\"ES-TRAD\">n de viviendas en suelo r<\/span><\/span><span class=\"Ninguno\">\u00fa<\/span><span class=\"Ninguno\"><span lang=\"IT\">stico<\/span><\/span><span class=\"Ninguno\">\u201d<\/span><span class=\"Ninguno\"><span lang=\"ES-TRAD\">. Desde el PSOE, por lo tanto, ha explicado Zuloaga <\/span><\/span><span class=\"Ninguno\"><span dir=\"RTL\" lang=\"AR-SA\">\u201c<\/span><\/span><span class=\"Ninguno\"><span lang=\"ES-TRAD\">proponemos esta necesaria herramienta jur<\/span><\/span><span class=\"Ninguno\">\u00ed<\/span><span class=\"Ninguno\"><span lang=\"ES-TRAD\">dica para dar respuesta una demanda social<\/span><\/span><span class=\"Ninguno\">\u201d.<\/span><\/p>\n<\/div>\n<div>\n<p class=\"Cuerpo\"><span class=\"Ninguno\"><span lang=\"ES-TRAD\">El portavoz parlamentario ha asegurado que <\/span><\/span><span class=\"Ninguno\"><span dir=\"RTL\" lang=\"AR-SA\">\u201c<\/span><\/span><span class=\"Ninguno\"><span lang=\"ES-TRAD\">la norma -en la que el PSOE trabajamos junto al PRC- pretende ahondar en la rehabilitaci<\/span><\/span><span class=\"Ninguno\">\u00f3<\/span><span class=\"Ninguno\"><span lang=\"ES-TRAD\">n de viviendas y en el aumento del parque p<\/span><\/span><span class=\"Ninguno\">\u00fa<\/span><span class=\"Ninguno\"><span lang=\"ES-TRAD\">blico de vivienda en alquiler. Dos f<\/span><\/span><span class=\"Ninguno\">\u00f3<\/span><span class=\"Ninguno\"><span lang=\"ES-TRAD\">rmulas claras para garantizar un mejor acceso a las econom<\/span><\/span><span class=\"Ninguno\">\u00ed<\/span><span class=\"Ninguno\"><span lang=\"ES-TRAD\">as medias, a las econom<\/span><\/span><span class=\"Ninguno\">\u00ed<\/span><span class=\"Ninguno\"><span lang=\"ES-TRAD\">as bajas, y sobre todo a los j<\/span><\/span><span class=\"Ninguno\">\u00f3venes\u201d. <\/span><span class=\"Ninguno\"><span dir=\"RTL\" lang=\"AR-SA\">\u201c<\/span><\/span><span class=\"Ninguno\">El texto ser<\/span><span class=\"Ninguno\"><span lang=\"PT\">\u00e1 <\/span><\/span><span class=\"Ninguno\"><span lang=\"ES-TRAD\">de nuevo presentado en el Parlamento de Cantabria, en una clara vocaci<\/span><\/span><span class=\"Ninguno\">\u00f3<\/span><span class=\"Ninguno\"><span lang=\"ES-TRAD\">n de continuidad del trabajo que se ha venido haciendo desde las instituciones p<\/span><\/span><span class=\"Ninguno\">\u00fa<\/span><span class=\"Ninguno\"><span lang=\"PT\">blicas<\/span><\/span><span class=\"Ninguno\">\u201d<\/span><span class=\"Ninguno\"><span lang=\"ES-TRAD\">, ha remarcado Zuloaga.<\/span><\/span><\/p>\n<p style=\"text-align: center;\"><div class=\"epyt-video-wrapper\"><iframe loading=\"lazy\"  id=\"_ytid_24698\"  width=\"696\" height=\"392\"  data-origwidth=\"696\" data-origheight=\"392\" src=\"https:\/\/www.youtube.com\/embed\/F4LHxOO7JeQ?enablejsapi=1&autoplay=0&cc_load_policy=0&cc_lang_pref=&iv_load_policy=1&loop=0&rel=0&fs=1&playsinline=0&autohide=2&theme=dark&color=red&controls=1&\" class=\"__youtube_prefs__  no-lazyload\" title=\"YouTube player\"  allow=\"fullscreen; accelerometer; autoplay; clipboard-write; encrypted-media; gyroscope; picture-in-picture\" allowfullscreen data-no-lazy=\"1\" data-skipgform_ajax_framebjll=\"\"><\/iframe><\/div><\/p>\n<\/div>\n<div>\n<p class=\"Cuerpo\"><span class=\"Ninguno\"><span lang=\"ES-TRAD\">Una ley <\/span><\/span><span class=\"Ninguno\"><span dir=\"RTL\" lang=\"AR-SA\">\u201c<\/span><\/span><span class=\"Ninguno\"><span lang=\"ES-TRAD\">absolutamente necesaria en Cantabria<\/span><\/span><span class=\"Ninguno\">\u201d<\/span><span class=\"Ninguno\"><span lang=\"ES-TRAD\">, ha continuado, <\/span><\/span><span class=\"Ninguno\"><span dir=\"RTL\" lang=\"AR-SA\">\u201c<\/span><\/span><span class=\"Ninguno\"><span lang=\"ES-TRAD\">que act<\/span><\/span><span class=\"Ninguno\">\u00fa<\/span><span class=\"Ninguno\"><span lang=\"ES-TRAD\">a, tambi<\/span><\/span><span class=\"Ninguno\"><span lang=\"FR\">\u00e9<\/span><\/span><span class=\"Ninguno\"><span lang=\"ES-TRAD\">n, sobre el parque de vivienda de los grandes tenedores y lo pone a disposici<\/span><\/span><span class=\"Ninguno\">\u00f3<\/span><span class=\"Ninguno\"><span lang=\"ES-TRAD\">n de la sociedad abriendo f<\/span><\/span><span class=\"Ninguno\">\u00f3<\/span><span class=\"Ninguno\"><span lang=\"ES-TRAD\">rmulas de colaboraci<\/span><\/span><span class=\"Ninguno\">\u00f3<\/span><span class=\"Ninguno\"><span lang=\"ES-TRAD\">n y movilizando el resto de viviendas vac<\/span><\/span><span class=\"Ninguno\">\u00ed<\/span><span class=\"Ninguno\"><span lang=\"ES-TRAD\">as en nuestra tierra a trav<\/span><\/span><span class=\"Ninguno\"><span lang=\"FR\">\u00e9<\/span><\/span><span class=\"Ninguno\"><span lang=\"ES-TRAD\">s del alquiler seguro<\/span><\/span><span class=\"Ninguno\">\u201d<\/span><span class=\"Ninguno\"><span lang=\"ES-TRAD\">, entre otras iniciativas, ha explicado. Por ello, <\/span><\/span><span class=\"Ninguno\"><span dir=\"RTL\" lang=\"AR-SA\">\u201c<\/span><\/span><span class=\"Ninguno\"><span lang=\"ES-TRAD\">esperamos que sea tramitada en el Parlamento de Cantabria y aprobada en el necesario debate de enmiendas que puedan surgir desde los diferentes grupos de la c<\/span><\/span><span class=\"Ninguno\">\u00e1mara\u201d.<\/span><\/p>\n<\/div>\n<div>\n<p class=\"Cuerpo\"><span class=\"Ninguno\"><span lang=\"ES-TRAD\">Finalmente, Zuloaga ha sentenciado que <\/span><\/span><span class=\"Ninguno\"><span dir=\"RTL\" lang=\"AR-SA\">\u201c<\/span><\/span><span class=\"Ninguno\"><span lang=\"ES-TRAD\">el PSOE entiende la vivienda como un derecho: lo defendemos as<\/span><\/span><span class=\"Ninguno\">\u00ed <\/span><span class=\"Ninguno\"><span lang=\"ES-TRAD\">desde el Gobierno de Espa\u00f1a, lo hemos defendido as<\/span><\/span><span class=\"Ninguno\">\u00ed <\/span><span class=\"Ninguno\"><span lang=\"ES-TRAD\">desde el Gobierno de Cantabria y, por eso, pretendemos impulsar esta Ley que es buena y que es necesaria para nuestra tierra<\/span><\/span><span class=\"Ninguno\">\u201d.<\/span><\/p>\n<\/div>\n","protected":false},"excerpt":{"rendered":"<p>Santander, 10 de octubre de 2023. El secretario general del PSC-PSOE y portavoz parlamentario, Pablo Zuloaga, ha asegurado que \u201cante la falta de sensibilidad de VOX por la reforma de la Ley del Suelo en Cantabria que el PP respalda, los socialistas damos un paso m\u00e1s all\u00e1 presentado una proposici\u00f3n de ley de Vivienda de [&hellip;]<\/p>\n","protected":false},"author":6,"featured_media":8085,"comment_status":"open","ping_status":"closed","sticky":false,"template":"","format":"standard","meta":{"tdm_status":"","tdm_grid_status":"","footnotes":""},"categories":[14,25],"tags":[],"class_list":["post-8084","post","type-post","status-publish","format-standard","has-post-thumbnail","hentry","category-notas-de-prensa","category-actualidad"],"_links":{"self":[{"href":"https:\/\/www.psc-psoe.es\/index.php\/wp-json\/wp\/v2\/posts\/8084","targetHints":{"allow":["GET"]}}],"collection":[{"href":"https:\/\/www.psc-psoe.es\/index.php\/wp-json\/wp\/v2\/posts"}],"about":[{"href":"https:\/\/www.psc-psoe.es\/index.php\/wp-json\/wp\/v2\/types\/post"}],"author":[{"embeddable":true,"href":"https:\/\/www.psc-psoe.es\/index.php\/wp-json\/wp\/v2\/users\/6"}],"replies":[{"embeddable":true,"href":"https:\/\/www.psc-psoe.es\/index.php\/wp-json\/wp\/v2\/comments?post=8084"}],"version-history":[{"count":0,"href":"https:\/\/www.psc-psoe.es\/index.php\/wp-json\/wp\/v2\/posts\/8084\/revisions"}],"wp:featuredmedia":[{"embeddable":true,"href":"https:\/\/www.psc-psoe.es\/index.php\/wp-json\/wp\/v2\/media\/8085"}],"wp:attachment":[{"href":"https:\/\/www.psc-psoe.es\/index.php\/wp-json\/wp\/v2\/media?parent=8084"}],"wp:term":[{"taxonomy":"category","embeddable":true,"href":"https:\/\/www.psc-psoe.es\/index.php\/wp-json\/wp\/v2\/categories?post=8084"},{"taxonomy":"post_tag","embeddable":true,"href":"https:\/\/www.psc-psoe.es\/index.php\/wp-json\/wp\/v2\/tags?post=8084"}],"curies":[{"name":"wp","href":"https:\/\/api.w.org\/{rel}","templated":true}]}}