{"id":7552,"date":"2023-05-26T14:56:34","date_gmt":"2023-05-26T13:56:34","guid":{"rendered":"https:\/\/www.psc-psoe.es\/?p=7552"},"modified":"2023-05-26T14:56:34","modified_gmt":"2023-05-26T13:56:34","slug":"zuloaga-seguiremos-fomentando-la-actividad-academica-en-la-universidad-publica-garantizando-las-mejores-condiciones-laborales-y-las-mejores-oportunidades-a-las-familias-de-cantabria","status":"publish","type":"post","link":"https:\/\/www.psc-psoe.es\/index.php\/2023\/05\/26\/zuloaga-seguiremos-fomentando-la-actividad-academica-en-la-universidad-publica-garantizando-las-mejores-condiciones-laborales-y-las-mejores-oportunidades-a-las-familias-de-cantabria\/","title":{"rendered":"Zuloaga: \u201cSeguiremos fomentando la actividad acad\u00e9mica en la universidad p\u00fablica, garantizando las mejores condiciones laborales y las mejores oportunidades a las familias de Cantabria\u201d"},"content":{"rendered":"<p><strong>Santander, 26 de mayo de 2023.<\/strong>\u00a0El secretario general del PSC-PSOE y candidato a presidente de Cantabria, Pablo Zuloaga, ha asegurado que \u201ces fundamental seguir fomentando la actividad acad\u00e9mica en la universidad p\u00fablica, garantizando las mejores condiciones laborales y las mejores oportunidades a las familias de Cantabria\u201d.<\/p>\n<p>Palabras de Zuloaga tras la reuni\u00f3n mantenida con el rector de la Universidad de Cantabria, \u00c1ngel Pazos, donde ha destacado la labor a lo largo de la \u00faltima legislatura.<\/p>\n<p>\u201cEn 4 a\u00f1os donde hemos aumentado la financiaci\u00f3n, donde hemos mejorado las condiciones laborales de todo el personal que ha desarrollado la actividad docente y la actividad investigadora de la universidad, en cuatro a\u00f1os en los que adem\u00e1s hemos visto como las tasas de acceso a la Universidad de Cantabria bajaban, y como las becas sub\u00edan\u201d, ha explicado Zuloaga.<\/p>\n<p>El compromiso del PSOE Cantabria ha indicado Zuloaga, pasa por afrontar retos transversales en la educaci\u00f3n: \u201ctrabajamos y trabajaremos es la recuperaci\u00f3n de la Residencia Cantabria, como centro de investigaci\u00f3n y formaci\u00f3n en la rama cient\u00edfico-sanitaria y, por supuesto, proyectos que tienen que ver la luz como esa reconversi\u00f3n de Comillas en un lugar de formaci\u00f3n y educaci\u00f3n en el deporte\u201d.<\/p>\n<p>Pasos hacia la mejor econom\u00eda del conocimiento que, ha remarcado el l\u00edder de los socialistas de Cantabria, \u201cque, con el desarrollo de la Ley de Ciencia, van a generar mas econom\u00eda y mas empleo para resolver aquella ecuaci\u00f3n imposible que parec\u00eda que hab\u00eda en Cantabria que era retener el talento en nuestra tierra\u201d. \u201cHoy lo retenemos sabiendo que, adem\u00e1s, necesitamos captar mas talento y, por eso, es fundamental seguir fomentando la actividad acad\u00e9mica\u201d.<\/p>\n<p>Finalmente, Zuloaga ha asegurado que \u201cevidentemente, todo esto est\u00e1 en riesgo si vuelve a gobernar la derecha en Cantabria, porque sabemos c\u00f3mo menospreciaron la actividad de la UC y c\u00f3mo castigaron a las familias de Cantabria, recortando la posibilidad de garantizar el futuro a los y las j\u00f3venes\u201d.<\/p>\n","protected":false},"excerpt":{"rendered":"<p>Santander, 26 de mayo de 2023.\u00a0El secretario general del PSC-PSOE y candidato a presidente de Cantabria, Pablo Zuloaga, ha asegurado que \u201ces fundamental seguir fomentando la actividad acad\u00e9mica en la universidad p\u00fablica, garantizando las mejores condiciones laborales y las mejores oportunidades a las familias de Cantabria\u201d. Palabras de Zuloaga tras la reuni\u00f3n mantenida con el [&hellip;]<\/p>\n","protected":false},"author":7,"featured_media":7553,"comment_status":"open","ping_status":"closed","sticky":false,"template":"","format":"standard","meta":{"tdm_status":"","tdm_grid_status":"","footnotes":""},"categories":[14,25],"tags":[],"class_list":["post-7552","post","type-post","status-publish","format-standard","has-post-thumbnail","hentry","category-notas-de-prensa","category-actualidad"],"_links":{"self":[{"href":"https:\/\/www.psc-psoe.es\/index.php\/wp-json\/wp\/v2\/posts\/7552","targetHints":{"allow":["GET"]}}],"collection":[{"href":"https:\/\/www.psc-psoe.es\/index.php\/wp-json\/wp\/v2\/posts"}],"about":[{"href":"https:\/\/www.psc-psoe.es\/index.php\/wp-json\/wp\/v2\/types\/post"}],"author":[{"embeddable":true,"href":"https:\/\/www.psc-psoe.es\/index.php\/wp-json\/wp\/v2\/users\/7"}],"replies":[{"embeddable":true,"href":"https:\/\/www.psc-psoe.es\/index.php\/wp-json\/wp\/v2\/comments?post=7552"}],"version-history":[{"count":0,"href":"https:\/\/www.psc-psoe.es\/index.php\/wp-json\/wp\/v2\/posts\/7552\/revisions"}],"wp:featuredmedia":[{"embeddable":true,"href":"https:\/\/www.psc-psoe.es\/index.php\/wp-json\/wp\/v2\/media\/7553"}],"wp:attachment":[{"href":"https:\/\/www.psc-psoe.es\/index.php\/wp-json\/wp\/v2\/media?parent=7552"}],"wp:term":[{"taxonomy":"category","embeddable":true,"href":"https:\/\/www.psc-psoe.es\/index.php\/wp-json\/wp\/v2\/categories?post=7552"},{"taxonomy":"post_tag","embeddable":true,"href":"https:\/\/www.psc-psoe.es\/index.php\/wp-json\/wp\/v2\/tags?post=7552"}],"curies":[{"name":"wp","href":"https:\/\/api.w.org\/{rel}","templated":true}]}}