{"id":7536,"date":"2023-05-23T12:31:00","date_gmt":"2023-05-23T11:31:00","guid":{"rendered":"https:\/\/www.psc-psoe.es\/?p=7536"},"modified":"2023-05-23T12:31:00","modified_gmt":"2023-05-23T11:31:00","slug":"zuloaga-mi-compromiso-es-que-la-residencia-cantabria-se-conviertan-en-un-edificio-productivo-a-traves-del-desarrollo-cientifico-tecnologico-en-la-rama-biosanitaria","status":"publish","type":"post","link":"https:\/\/www.psc-psoe.es\/index.php\/2023\/05\/23\/zuloaga-mi-compromiso-es-que-la-residencia-cantabria-se-conviertan-en-un-edificio-productivo-a-traves-del-desarrollo-cientifico-tecnologico-en-la-rama-biosanitaria\/","title":{"rendered":"Zuloaga: \u201cMi compromiso es que la Residencia Cantabria se conviertan en un edificio productivo a trav\u00e9s del desarrollo cient\u00edfico, tecnol\u00f3gico en la rama biosanitaria\u201d"},"content":{"rendered":"<p><strong>Santander, 23 de mayo de 2023.<\/strong> El secretario general del PSC-PSOE y candidato a presidente de Cantabria, Pablo Zuloaga, ha manifestado que su compromiso es \u201cque esos 32.000 metros cuadrados que hoy est\u00e1n vac\u00edos y abandonados, se conviertan en un edificio productivo a trav\u00e9s del desarrollo cient\u00edfico, tecnol\u00f3gico y de la rama biosanitaria en el coraz\u00f3n de Santander\u201d. Ha a\u00f1adido Zuloaga, \u201c32.000 metros cuadrados para potenciar nuestra econom\u00eda y el empleo que convertiremos en un referente y una oportunidad de futuro\u201d.<\/p>\n<p>Palabras de Zuloaga frente a la Residencia Cantabria, en Santander, un proyecto que \u201cnos permite saber que el edificio vac\u00edo se podr\u00e1 convertir en un referente cient\u00edfico-tecnol\u00f3gico, para que Cantabria, Espa\u00f1a y todo el mundo conozcan la tecnolog\u00eda que desarrollamos en Valdecilla\u201d.<\/p>\n<p>\u201cConvertir esos 32.000 metros cuadrados en un espacio para la gesti\u00f3n sanitaria, para la formaci\u00f3n, para la investigaci\u00f3n y para la innovaci\u00f3n clave en el futuro de Cantabria\u201d, ha explicado Zuloaga, \u201cpara dar un impulso a la econom\u00eda del conocimiento, esa que sabemos que en los \u00faltimos dos a\u00f1os ha dado un impulso de 2.595 perfiles profesionales en la industria y en las empresas de nuestra tierra\u201d.<\/p>\n<p>En este sentido, Zuloaga ha asegurado que \u201cya tenemos lanzado un plan director que est\u00e1 licitado para saber c\u00f3mo podemos rehabilitar el edificio y como promover en \u00e9l diferentes usos a trav\u00e9s de la formaci\u00f3n, de t\u00edtulos universitarios, de investigaci\u00f3n o de innovaci\u00f3n empresarial a trav\u00e9s de la llegada de nuevas empresas que vengan a implantar tratamientos con nuevas tecnolog\u00edas, en el Hospital Universitario Marqu\u00e9s de Valdecilla\u201d.<\/p>\n<p>Es un avance complementado, ha asegurado, con \u201cla primera Ley de Ciencia que garantiza que sigamos invirtiendo en I+D+i, asegurando que generamos m\u00e1s oportunidades que generan -a su vez- m\u00e1s empleo\u201d.<\/p>\n<p>El candidato a alcalde de Santander, Daniel Fern\u00e1ndez, por su parte, ha asegurado que \u201cllevaremos a cabo proyectos con agilidad administrativa, evitando que se sigan perdiendo oportunidades, con la colaboraci\u00f3n del Gobierno de Cantabria, con Pablo Zuloaga como presidente de nuestra tierra, y del Gobierno de Espa\u00f1a, con Pedro S\u00e1nchez como presidente de nuestro pa\u00eds\u201d.<\/p>\n<p>\u201cLlevamos un programa muy potente, transversal que abarca la salud desde los ni\u00f1os hasta las personas mayores, con una mirada hacia una ciudad para todos y que tenga el eje central en la gente\u201d, ha explicado Fern\u00e1ndez. \u201cLo vamos a hacer con unas pol\u00edticas enfocadas hacia la prevenci\u00f3n de la soledad no deseada, de la implantaci\u00f3n de bajas emisiones, donde se prevenga la contaminaci\u00f3n, se act\u00fae de manera directa en favor de la salud de los santanderinos y las santanderinas, con el foco en una ciudad que apueste por la salud\u201d, ha concluido.<\/p>\n","protected":false},"excerpt":{"rendered":"<p>Santander, 23 de mayo de 2023. El secretario general del PSC-PSOE y candidato a presidente de Cantabria, Pablo Zuloaga, ha manifestado que su compromiso es \u201cque esos 32.000 metros cuadrados que hoy est\u00e1n vac\u00edos y abandonados, se conviertan en un edificio productivo a trav\u00e9s del desarrollo cient\u00edfico, tecnol\u00f3gico y de la rama biosanitaria en el [&hellip;]<\/p>\n","protected":false},"author":6,"featured_media":7537,"comment_status":"open","ping_status":"closed","sticky":false,"template":"","format":"standard","meta":{"tdm_status":"","tdm_grid_status":"","footnotes":""},"categories":[14,25],"tags":[],"class_list":["post-7536","post","type-post","status-publish","format-standard","has-post-thumbnail","hentry","category-notas-de-prensa","category-actualidad"],"_links":{"self":[{"href":"https:\/\/www.psc-psoe.es\/index.php\/wp-json\/wp\/v2\/posts\/7536","targetHints":{"allow":["GET"]}}],"collection":[{"href":"https:\/\/www.psc-psoe.es\/index.php\/wp-json\/wp\/v2\/posts"}],"about":[{"href":"https:\/\/www.psc-psoe.es\/index.php\/wp-json\/wp\/v2\/types\/post"}],"author":[{"embeddable":true,"href":"https:\/\/www.psc-psoe.es\/index.php\/wp-json\/wp\/v2\/users\/6"}],"replies":[{"embeddable":true,"href":"https:\/\/www.psc-psoe.es\/index.php\/wp-json\/wp\/v2\/comments?post=7536"}],"version-history":[{"count":0,"href":"https:\/\/www.psc-psoe.es\/index.php\/wp-json\/wp\/v2\/posts\/7536\/revisions"}],"wp:featuredmedia":[{"embeddable":true,"href":"https:\/\/www.psc-psoe.es\/index.php\/wp-json\/wp\/v2\/media\/7537"}],"wp:attachment":[{"href":"https:\/\/www.psc-psoe.es\/index.php\/wp-json\/wp\/v2\/media?parent=7536"}],"wp:term":[{"taxonomy":"category","embeddable":true,"href":"https:\/\/www.psc-psoe.es\/index.php\/wp-json\/wp\/v2\/categories?post=7536"},{"taxonomy":"post_tag","embeddable":true,"href":"https:\/\/www.psc-psoe.es\/index.php\/wp-json\/wp\/v2\/tags?post=7536"}],"curies":[{"name":"wp","href":"https:\/\/api.w.org\/{rel}","templated":true}]}}