{"id":7533,"date":"2023-05-22T20:45:48","date_gmt":"2023-05-22T19:45:48","guid":{"rendered":"https:\/\/www.psc-psoe.es\/?p=7533"},"modified":"2023-05-22T20:45:48","modified_gmt":"2023-05-22T19:45:48","slug":"zuloaga-somos-los-unicos-que-estamos-aqui-para-parar-a-la-derecha-que-puede-gobernar-sola-o-lo-que-es-peor-mal-acompanada-de-la-mano-de-la-extrema-derecha","status":"publish","type":"post","link":"https:\/\/www.psc-psoe.es\/index.php\/2023\/05\/22\/zuloaga-somos-los-unicos-que-estamos-aqui-para-parar-a-la-derecha-que-puede-gobernar-sola-o-lo-que-es-peor-mal-acompanada-de-la-mano-de-la-extrema-derecha\/","title":{"rendered":"Zuloaga: \u201cSomos los \u00fanicos que estamos aqu\u00ed para parar a la derecha que puede gobernar: sola, o lo que es peor, mal acompa\u00f1ada de la mano de la extrema derecha\u201d"},"content":{"rendered":"<p><strong>Santander, 22 de mayo de 2023.<\/strong> El secretario general del PSC-PSOE y candidato a presidente de Cantabria, Pablo Zuloaga, ha asegurado que \u201csomos los \u00fanicos que estamos aqu\u00ed para parar a la derecha gobernando: sola, o lo que es peor, mal acompa\u00f1ada de la mano de la extrema derecha\u201d.<\/p>\n<p>As\u00ed lo ha garantizado Zuloaga en una Sala Argenta del Palacio de Festivales de Cantabria llena \u201chasta la bandera\u201d, donde ha lamentado \u201cque m\u00e1s 200 personas se hayan tenido que quedar a las puertas\u201d.<\/p>\n<p>Un acto p\u00fablico donde tambi\u00e9n ha participado el secretario general del PSOE y presidente del Gobierno de Espa\u00f1a, Pedro S\u00e1nchez, la secretaria de Organizaci\u00f3n del PSC-PSOE, Noelia Cobo, y el candidato a alcalde de Santander, Daniel Fern\u00e1ndez.<\/p>\n<p>Zuloaga ha asegurado que \u201ca pesar de las circunstancias; de la pandemia, la guerra y sus consecuencias, en cada momento, ha sido el PSOE Cantabria el que ha salido a dar la cara, sabiendo que atendemos lo urgente sin olvidar lo importante\u201d.<\/p>\n<p>\u201cEl Palacio de Festivales de Cantabria se viste hoy de gala para recibir al presidente que ha pagado los 140 millones de euros que han saldado la deuda del Hospital Universitario Marqu\u00e9s de Valdecilla\u201d, ha destacado.<\/p>\n<p>Ante todos los proyectos que, \u201cdurante tantos a\u00f1os hemos escuchado en tantas campa\u00f1as\u201d, como Valdecilla, el AVE, la conexi\u00f3n Santander-Bilbao\u2026 \u201ctodos esos proyectos -ha continuado- hoy est\u00e1n en marcha con el compromiso de un presidente que cumple, con Pedro S\u00e1nchez\u201d.<\/p>\n<p>Porque el PSOE toma decisiones, frente a \u201cun PP que privatiz\u00f3 Valdecilla, con Ferrovial, una empresa que hoy tributa en Pa\u00edses Bajos, frente a esas privatizaciones nosotros reforzamos las plantillas y somos hoy la Comunidad Aut\u00f3noma que m\u00e1s profesionales de la medicina tiene por habitante, y la segunda que m\u00e1s profesionales de la enfermer\u00eda tiene por habitante\u201d.<\/p>\n<p>Por su parte, el secretario general del PSOE y presidente de Espa\u00f1a, Pedro S\u00e1nchez, ha anunciado que ma\u00f1ana martes, el Consejo de Ministros aprobar\u00e1 la Ley de Paridad, que \u201cen el poder pol\u00edtico, en el Gobierno de Espa\u00f1a, de Cantabria y de Santander: paridad por ley. A algunos les parecer\u00e1 excesivo, pero nosotros, creemos que, a la mitad de la poblaci\u00f3n, le corresponde la mitad del poder pol\u00edtico\u201d.<\/p>\n<p>En este sentido, S\u00e1nchez ha explicado que \u201csi aprovechamos todo el talento de nuestra la sociedad e incorporamos la paridad en nuestros ayuntamientos y gobiernos, podemos favorecer la econom\u00eda, lo que redunda en beneficio del conjunto de la sociedad\u201d. Es algo que, como ha detallado, \u201ca la derecha le molesta y le molestar\u00e1 que estemos al frente de los gobiernos, del gobierno de Espa\u00f1a, Cantabria y Santander\u201d.<\/p>\n<p>\u201cMe preguntaban qu\u00e9 iba a hacer en el a\u00f1o electoral; lo mismo que en los a\u00f1os bisiestos, pares e impares, proteger a la gente y hacer pol\u00edticas para la mayor\u00eda social\u201d, ha asegurado S\u00e1nchez, \u201cen el PSOE no hacemos anuncios, como muchos insin\u00faan, durante la campa\u00f1a; publicamos en el Bolet\u00edn Oficial del Estado\u201d.<\/p>\n<p>Porque, ha manifestado, \u201cuna papeleta tiene dos reveses: una de las caras es la gesti\u00f3n y la recompensa, como la gran labor que han hecho en este gobierno las carteras socialistas. La otra parte de la papeleta es lo que est\u00e1 por venir, estoy convencido que si alguien representa Santander y Cantabria, ese expediente y ese porvenir, es el PSOE\u201d.<\/p>\n<p>El candidato a la Alcald\u00eda de Santander, Daniel Fern\u00e1ndez, por otro lado, ha denunciado que \u201chablando con la gente en la calle muchos dicen que tienen el orgullo herido en Santander y Cantabria\u201d. Por lo que, \u201ccomo ha ocurrido tantas otras veces, con Felipe Gonz\u00e1lez, Zapatero o S\u00e1nchez, nosotros -en referencia a Pablo Zuloaga y a \u00e9l- el 28M, vamos a llenar las urnas de Partido Socialista\u201d.<\/p>\n<p>Fern\u00e1ndez ha propuesto \u201cponer fin a los copagos que el PP ha implantado en Santander; eliminarlos de los servicios sociales y de los de ayuda a domicilio y teleasistencia. Vamos a demostrar que cuidamos de nuestros mayores que lo han dado todo\u201d.<\/p>\n<p>Ha continuado el candidato a alcalde \u201cvamos a ganar el futuro que nos han hecho perder durante generaciones y generaciones el PP\u201d. Estos a\u00f1os como portavoz, ha indicado, \u201cme han permitido conocer lo que necesitan los ciudadanos, con un equipo a las espaldas que me hace estar m\u00e1s que orgulloso\u201d.<\/p>\n<p>Finalmente, la secretaria de Organizaci\u00f3n del PSC-PSOE y portavoz parlamentaria, Noelia Cobo, ha dado la bienvenida a las m\u00e1s de 2.000 personas que llenaban la Sala Argenta afirmando que \u201ces un placer ver el Palacio de Festivales de Cantabria lleno hasta la bandera de miradas progresistas y fuerza ante unas elecciones en las que Santander y Cantabria mirar\u00e1n al futuro\u201d.<\/p>\n","protected":false},"excerpt":{"rendered":"<p>Santander, 22 de mayo de 2023. El secretario general del PSC-PSOE y candidato a presidente de Cantabria, Pablo Zuloaga, ha asegurado que \u201csomos los \u00fanicos que estamos aqu\u00ed para parar a la derecha gobernando: sola, o lo que es peor, mal acompa\u00f1ada de la mano de la extrema derecha\u201d. As\u00ed lo ha garantizado Zuloaga en [&hellip;]<\/p>\n","protected":false},"author":6,"featured_media":7534,"comment_status":"open","ping_status":"closed","sticky":false,"template":"","format":"standard","meta":{"tdm_status":"","tdm_grid_status":"","footnotes":""},"categories":[14,25],"tags":[],"class_list":["post-7533","post","type-post","status-publish","format-standard","has-post-thumbnail","hentry","category-notas-de-prensa","category-actualidad"],"_links":{"self":[{"href":"https:\/\/www.psc-psoe.es\/index.php\/wp-json\/wp\/v2\/posts\/7533","targetHints":{"allow":["GET"]}}],"collection":[{"href":"https:\/\/www.psc-psoe.es\/index.php\/wp-json\/wp\/v2\/posts"}],"about":[{"href":"https:\/\/www.psc-psoe.es\/index.php\/wp-json\/wp\/v2\/types\/post"}],"author":[{"embeddable":true,"href":"https:\/\/www.psc-psoe.es\/index.php\/wp-json\/wp\/v2\/users\/6"}],"replies":[{"embeddable":true,"href":"https:\/\/www.psc-psoe.es\/index.php\/wp-json\/wp\/v2\/comments?post=7533"}],"version-history":[{"count":0,"href":"https:\/\/www.psc-psoe.es\/index.php\/wp-json\/wp\/v2\/posts\/7533\/revisions"}],"wp:featuredmedia":[{"embeddable":true,"href":"https:\/\/www.psc-psoe.es\/index.php\/wp-json\/wp\/v2\/media\/7534"}],"wp:attachment":[{"href":"https:\/\/www.psc-psoe.es\/index.php\/wp-json\/wp\/v2\/media?parent=7533"}],"wp:term":[{"taxonomy":"category","embeddable":true,"href":"https:\/\/www.psc-psoe.es\/index.php\/wp-json\/wp\/v2\/categories?post=7533"},{"taxonomy":"post_tag","embeddable":true,"href":"https:\/\/www.psc-psoe.es\/index.php\/wp-json\/wp\/v2\/tags?post=7533"}],"curies":[{"name":"wp","href":"https:\/\/api.w.org\/{rel}","templated":true}]}}