{"id":7220,"date":"2023-01-17T19:59:59","date_gmt":"2023-01-17T18:59:59","guid":{"rendered":"https:\/\/www.psc-psoe.es\/?p=7220"},"modified":"2023-01-18T20:00:38","modified_gmt":"2023-01-18T19:00:38","slug":"daniel-fernandez-psoe-exige-vigilar-el-cumplimiento-de-las-ordenanzas-y-urge-al-plan-contra-el-ruido","status":"publish","type":"post","link":"https:\/\/www.psc-psoe.es\/index.php\/2023\/01\/17\/daniel-fernandez-psoe-exige-vigilar-el-cumplimiento-de-las-ordenanzas-y-urge-al-plan-contra-el-ruido\/","title":{"rendered":"Daniel Fern\u00e1ndez (PSOE) exige vigilar el cumplimiento de las ordenanzas y urge al plan contra el ruido"},"content":{"rendered":"<p>El portavoz del PSOE en el Ayuntamiento de Santander, Daniel Fern\u00e1ndez, ha exigido al equipo de Gobierno PP-Cs la actualizaci\u00f3n del mapa de ruidos y del plan de acci\u00f3n contra el ruido aprobado por el Pleno en noviembre de 2021, ya que \u201cse han superado ampliamente los plazos para su cumplimiento\u201d y \u201clas soluciones siguen pendientes\u201d.<\/p>\n<p>As\u00ed lo ha solicitado Fern\u00e1ndez despu\u00e9s de una reuni\u00f3n con la Asociaci\u00f3n de Vecinos de Pombo, Ca\u00f1ad\u00edo y el Ensanche en la que los vecinos y vecinas han vuelto a trasladar \u201ctodo tipo de molestias por los ruidos y suciedad que generan las actividades de ocio nocturno, en una zona ac\u00fasticamente saturada que concentra m\u00e1s de 300 negocios de hosteler\u00eda\u201d.<\/p>\n<p>De esta manera, el portavoz del PSOE ha recordado que el Pleno aprob\u00f3 una moci\u00f3n impulsada por el Grupo Socialista y Unidas por Santander que contemplaba un plazo de seis meses para la actualizaci\u00f3n del mapa de ruido y un a\u00f1o para redactar el plan de acci\u00f3n con medidas correctoras contra el ruido, tal y como ha exigido el Tribunal de Cuentas.<\/p>\n<p>En el mes de septiembre de 2022 el PSOE volvi\u00f3 a preguntar en el Pleno municipal por el avance de estas medidas y el PP anunci\u00f3 que la empresa contratada a tal efecto entregar\u00eda a final de mes los trabajos concluidos, pero cuando los socialistas pidieron la documentaci\u00f3n por escrito, los populares indicaron que hab\u00eda ocurrido \u201cun error inform\u00e1tico\u201d.<\/p>\n<p>Ante la ausencia de novedades casi cinco meses despu\u00e9s, Fern\u00e1ndez ha urgido a la alcaldesa, Gema Igual (PP), a \u201cque cumpla el acuerdo del Pleno y d\u00e9 respuesta a un problema que est\u00e1 vulnerando el derecho al descanso de vecinos y vecinas del Ensanche, que no s\u00f3lo est\u00e1n desesperados por los ruidos sino tambi\u00e9n por la suciedad y la ocupaci\u00f3n del espacio p\u00fablico\u201d.<\/p>\n<p>En este sentido, el portavoz explic\u00f3 a los vecinos la moci\u00f3n registrada este mes de enero para que el Ayuntamiento ponga m\u00e1s bancos, fuentes p\u00fablicas y ba\u00f1os p\u00fablicos en la ciudad. Tambi\u00e9n abordaron los retos de aparcamiento y movilidad como la futura zona de bajas emisiones.<\/p>\n<p>\u201cLa Uni\u00f3n Europea exige medidas para reducir la contaminaci\u00f3n en las ciudades y lo que tenemos que hacer es poner primero las soluciones y dar facilidades de aparcamiento y transporte p\u00fablico\u201d, ha apostado.<\/p>\n<p>El candidato del PSOE a la Alcald\u00eda se ha comprometido a \u201ctomar cartas en el asunto de los ruidos la misma forma que han hecho otras ciudades\u201d. \u201cHay que poner orden porque hay mucho descontrol, y se tiene que vigilar el cumplimiento de las ordenanzas municipales, en materia de ruidos y de terrazas, porque si no estamos en una ciudad sin ley\u201d, ha criticado.<\/p>\n<p>Respecto a la falta de limpieza, ha lamentado las molestias que generan las concentraciones masivas de aficiones de f\u00fatbol que visitan Santander. \u201cHabr\u00e1 que prevenir, poner urinarios p\u00fablicos y ejercer un mayor control policial, porque hay calles por las que descienden r\u00edos de orina. No hay derecho a lo que tienen que soportar los vecinos\u201d, ha enfatizado.<\/p>\n<p>Fern\u00e1ndez ha a\u00f1adido que los vecinos del centro sufren, como en el resto de los barrios, el \u201cfracaso del contrato de las basuras y la plaga de ratas que hay en la ciudad\u201d.<\/p>\n","protected":false},"excerpt":{"rendered":"<p>El portavoz del PSOE en el Ayuntamiento de Santander, Daniel Fern\u00e1ndez, ha exigido al equipo de Gobierno PP-Cs la actualizaci\u00f3n del mapa de ruidos y del plan de acci\u00f3n contra el ruido aprobado por el Pleno en noviembre de 2021, ya que \u201cse han superado ampliamente los plazos para su cumplimiento\u201d y \u201clas soluciones siguen [&hellip;]<\/p>\n","protected":false},"author":2,"featured_media":7221,"comment_status":"open","ping_status":"closed","sticky":false,"template":"","format":"standard","meta":{"tdm_status":"","tdm_grid_status":"","footnotes":""},"categories":[20,16,55,6],"tags":[],"class_list":["post-7220","post","type-post","status-publish","format-standard","has-post-thumbnail","hentry","category-santander","category-noticias-santander","category-arco-de-la-bahia","category-agrupaciones"],"_links":{"self":[{"href":"https:\/\/www.psc-psoe.es\/index.php\/wp-json\/wp\/v2\/posts\/7220","targetHints":{"allow":["GET"]}}],"collection":[{"href":"https:\/\/www.psc-psoe.es\/index.php\/wp-json\/wp\/v2\/posts"}],"about":[{"href":"https:\/\/www.psc-psoe.es\/index.php\/wp-json\/wp\/v2\/types\/post"}],"author":[{"embeddable":true,"href":"https:\/\/www.psc-psoe.es\/index.php\/wp-json\/wp\/v2\/users\/2"}],"replies":[{"embeddable":true,"href":"https:\/\/www.psc-psoe.es\/index.php\/wp-json\/wp\/v2\/comments?post=7220"}],"version-history":[{"count":0,"href":"https:\/\/www.psc-psoe.es\/index.php\/wp-json\/wp\/v2\/posts\/7220\/revisions"}],"wp:featuredmedia":[{"embeddable":true,"href":"https:\/\/www.psc-psoe.es\/index.php\/wp-json\/wp\/v2\/media\/7221"}],"wp:attachment":[{"href":"https:\/\/www.psc-psoe.es\/index.php\/wp-json\/wp\/v2\/media?parent=7220"}],"wp:term":[{"taxonomy":"category","embeddable":true,"href":"https:\/\/www.psc-psoe.es\/index.php\/wp-json\/wp\/v2\/categories?post=7220"},{"taxonomy":"post_tag","embeddable":true,"href":"https:\/\/www.psc-psoe.es\/index.php\/wp-json\/wp\/v2\/tags?post=7220"}],"curies":[{"name":"wp","href":"https:\/\/api.w.org\/{rel}","templated":true}]}}