{"id":7211,"date":"2023-01-14T19:34:08","date_gmt":"2023-01-14T18:34:08","guid":{"rendered":"https:\/\/www.psc-psoe.es\/?p=7211"},"modified":"2023-01-18T19:44:01","modified_gmt":"2023-01-18T18:44:01","slug":"daniel-fernandez-encabeza-la-lista-de-23-delegados-del-psoe-de-santander-a-la-conferencia-politica","status":"publish","type":"post","link":"https:\/\/www.psc-psoe.es\/index.php\/2023\/01\/14\/daniel-fernandez-encabeza-la-lista-de-23-delegados-del-psoe-de-santander-a-la-conferencia-politica\/","title":{"rendered":"Daniel Fern\u00e1ndez encabeza la lista de 23 delegados del PSOE de Santander a la Conferencia Pol\u00edtica"},"content":{"rendered":"<p>El PSOE de Santander ha elegido hoy en una asamblea extraordinaria la lista de 23 delegados y delegadas que representar\u00e1n a la agrupaci\u00f3n en la Conferencia Pol\u00edtica del PSOE de Cantabria, que se celebrar\u00e1 los d\u00edas 28 y 29 de enero.<\/p>\n<p>La lista de delegados y delegadas est\u00e1 encabezada por el secretario de Organizaci\u00f3n y candidato a la Alcald\u00eda, Daniel Fern\u00e1ndez. Como n\u00famero dos, la vicesecretaria general de Pol\u00edtica Institucional, Ainoa Qui\u00f1ones, como n\u00famero tres el portavoz adjunto en el Ayuntamiento, N\u00e9stor Serrano y como n\u00famero cuatro, la consejera de Econom\u00eda y Hacienda, Ana Bel\u00e9n \u00c1lvarez.<\/p>\n<p>Integran tambi\u00e9n la lista Javier Gonz\u00e1lez de Riancho, Avelina Salda\u00f1a, Mario Br\u00edgido, Luisa Real, Enrique Hierro, Mar\u00eda Antonia Mora, Alberto Torres, Judith P\u00e9rez, Luis Concha, Concha Gonz\u00e1lez, Gonzalo Llamosas, Carmen Guti\u00e9rrez, Ra\u00fal Cort\u00e9s, Carmen Uriarte, Roberto Pell\u00f3n, Mar\u00eda Izquierdo, Fernando P\u00e9rez, Emilia Calleja y Jaime Pria.<\/p>\n<p>La lista ha sido respaldada por 95 votos a favor y dos abstenciones en una votaci\u00f3n que se ha prolongado durante toda la ma\u00f1ana. Durante la asamblea, se han debatido y aprobado todas las enmiendas al documento marco de la Conferencia Pol\u00edtica.<\/p>\n<p><strong>135 d\u00edas para las elecciones<\/strong><\/p>\n<p>El secretario general del PSOE de Santander, Pedro Casares, ha afirmado que \u201cquedan solo 135 d\u00edas para las elecciones municipales del 28 de mayo en las que es urgente el cambio pol\u00edtico en la ciudad para acabar con el desorden en los servicios p\u00fablicos y en la ciudad\u201d.<\/p>\n<p>\u201cTenemos que trabajar para trasladar nuestras ideas y propuestas a la ciudadan\u00eda y lograr que Daniel Fern\u00e1ndez sea el primer alcalde socialista en democracia en Santander\u201d, ha enfatizado.<\/p>\n<p>Asimismo, Casares ha denunciado que \u201cpor la irresponsabilidad de la alcaldesa Gema Igual, Santander no tendr\u00e1 en 2023 presupuesto municipal\u201d. \u201cPor tercer a\u00f1o consecutivo Santander no tendr\u00e1 presupuesto municipal en el momento en el que es m\u00e1s necesario que la pol\u00edtica cuente con todos los instrumentos para generar progresos y bienestar, tras dos a\u00f1os de una pandemia y una guerra en Ucrania con consecuencias directas sobre las familias, las empresas, las pymes y los aut\u00f3nomos de la ciudad\u201d.<\/p>\n<p>El dirigente socialista ha recordado que \u201cdesde el PSOE de Santander hemos tendido la mano a la alcaldesa para aprobar el presupuesto municipal porque entendemos que este es un momento para la responsabilidad y afrontar todos juntos el futuro pero Gema Igual nunca ha querido dialogar ni acordar el presupuesto municipal demostrando que no est\u00e1 pensando nunca en los intereses de la ciudad\u201d.<\/p>\n<p>Adem\u00e1s, Casares ha subrayado que es necesario que el PSOE gobierne la ciudad a partir del 28 de mayo para poner en marcha el Plan General de Ordenaci\u00f3n Urbana, que est\u00e1 anulado desde 2016, un plan de vivienda joven, pol\u00edticas para avanzar en una mayor movilidad sostenible y en una apuesta real por el transporte p\u00fablico, para recuperar servicios p\u00fablicos de calidad, para acabar con la suciedad y la falta de limpieza en las calles, para poner en marcha proyectos que garanticen la seguridad de los vecinos como la Polic\u00eda de Barrio, hacer una ciudad m\u00e1s inclusiva, m\u00e1s integradora, m\u00e1s accesible para todos o impulsar el comercio local, las oportunidades de empleo o sectores como la cultura.<\/p>\n<p>De la misma forma, Casares ha afirmado que es necesario que el secretario general de los socialistas c\u00e1ntabros, Pablo Zuloaga, sea Presidente de Cantabria a partir del 28 de mayo \u201cporque los socialistas hemos demostrado desde el Gobierno regional que la pol\u00edtica est\u00e1 al servicio del inter\u00e9s general, de impulsar los derechos y las oportunidades de los c\u00e1ntabros y de avanzar en grandes proyectos de los que se llevaba a\u00f1os hablando y solo ahora empiezan a tomar forma\u201d.<\/p>\n<p>En este sentido, Casares ha destacado que est\u00e1 legislatura en la que el PSOE ha formado parte del Gobierno de Cantabria se han puesto en marcha proyectos que tienen un impacto directo en la ciudad como la construcci\u00f3n del MUPAC o la inversi\u00f3n para que el Hospital Valdecilla sea el primer hospital p\u00fablico con una unidad de protonterapia.<\/p>\n<p>El secretario general de los socialistas santanderinos ha dicho que \u201cel mejor espejo para ver la Cantabria y Santander que so\u00f1amos es la acci\u00f3n de gobierno de Pedro S\u00e1nchez en esta legislatura\u201d.<\/p>\n<p>\u201cUna legislatura en la que se ha subido las pensiones y el Salario M\u00ednimo Interprofesional, se ha creado m\u00e1s empleo que nunca gracias a la reforma laboral, se han puesto en marcha nuevos derechos como el Ingreso M\u00ednimo Vital, se ha apostado por modernizar la Formaci\u00f3n Profesional y todo ello, a la vez que se hac\u00eda frente a la peor pandemia de los \u00faltimos cien a\u00f1os y a las consecuencias de una guerra en Ucrania\u201d, ha dicho.<\/p>\n<p>Por \u00faltimo, en la asamblea extraordinaria se ha guardado un minuto de silencio por los militantes fallecidos en las \u00faltimas semanas y por las mujeres asesinadas, v\u00edctimas de violencia de g\u00e9nero.<\/p>\n<p>En este sentido, Casares ha se\u00f1alado que diciembre fue \u201cun mes negro\u201d con 10 asesinatos de mujeres en un 2022 con 49 mujeres asesinadas, y \u201cenero y 2023 han comenzado de la peor forma posible con 4 asesinatos machistas en los primeros d\u00edas del a\u00f1o\u201d. Por ello, ha pedido \u201credoblar esfuerzos por parte de toda la sociedad para acabar con la lacra de la violencia machista\u201d.<\/p>\n","protected":false},"excerpt":{"rendered":"<p>El PSOE de Santander ha elegido hoy en una asamblea extraordinaria la lista de 23 delegados y delegadas que representar\u00e1n a la agrupaci\u00f3n en la Conferencia Pol\u00edtica del PSOE de Cantabria, que se celebrar\u00e1 los d\u00edas 28 y 29 de enero. La lista de delegados y delegadas est\u00e1 encabezada por el secretario de Organizaci\u00f3n y [&hellip;]<\/p>\n","protected":false},"author":2,"featured_media":7212,"comment_status":"open","ping_status":"closed","sticky":false,"template":"","format":"standard","meta":{"tdm_status":"","tdm_grid_status":"","footnotes":""},"categories":[20,16,55,6],"tags":[],"class_list":["post-7211","post","type-post","status-publish","format-standard","has-post-thumbnail","hentry","category-santander","category-noticias-santander","category-arco-de-la-bahia","category-agrupaciones"],"_links":{"self":[{"href":"https:\/\/www.psc-psoe.es\/index.php\/wp-json\/wp\/v2\/posts\/7211","targetHints":{"allow":["GET"]}}],"collection":[{"href":"https:\/\/www.psc-psoe.es\/index.php\/wp-json\/wp\/v2\/posts"}],"about":[{"href":"https:\/\/www.psc-psoe.es\/index.php\/wp-json\/wp\/v2\/types\/post"}],"author":[{"embeddable":true,"href":"https:\/\/www.psc-psoe.es\/index.php\/wp-json\/wp\/v2\/users\/2"}],"replies":[{"embeddable":true,"href":"https:\/\/www.psc-psoe.es\/index.php\/wp-json\/wp\/v2\/comments?post=7211"}],"version-history":[{"count":0,"href":"https:\/\/www.psc-psoe.es\/index.php\/wp-json\/wp\/v2\/posts\/7211\/revisions"}],"wp:featuredmedia":[{"embeddable":true,"href":"https:\/\/www.psc-psoe.es\/index.php\/wp-json\/wp\/v2\/media\/7212"}],"wp:attachment":[{"href":"https:\/\/www.psc-psoe.es\/index.php\/wp-json\/wp\/v2\/media?parent=7211"}],"wp:term":[{"taxonomy":"category","embeddable":true,"href":"https:\/\/www.psc-psoe.es\/index.php\/wp-json\/wp\/v2\/categories?post=7211"},{"taxonomy":"post_tag","embeddable":true,"href":"https:\/\/www.psc-psoe.es\/index.php\/wp-json\/wp\/v2\/tags?post=7211"}],"curies":[{"name":"wp","href":"https:\/\/api.w.org\/{rel}","templated":true}]}}