{"id":7011,"date":"2022-09-17T14:10:04","date_gmt":"2022-09-17T13:10:04","guid":{"rendered":"https:\/\/www.psc-psoe.es\/?p=7011"},"modified":"2022-09-21T12:21:11","modified_gmt":"2022-09-21T11:21:11","slug":"pablo-zuloaga-en-cantabria-trabajamos-en-un-escenario-de-optimismo-para-salir-adelante-y-seguir-generando-empleo-en-un-momento-de-incertidumbre-global-2","status":"publish","type":"post","link":"https:\/\/www.psc-psoe.es\/index.php\/2022\/09\/17\/pablo-zuloaga-en-cantabria-trabajamos-en-un-escenario-de-optimismo-para-salir-adelante-y-seguir-generando-empleo-en-un-momento-de-incertidumbre-global-2\/","title":{"rendered":"Pablo Zuloaga: \u201cEn Cantabria trabajamos en un escenario de optimismo para salir adelante y seguir generando empleo, en un momento de incertidumbre global\u201d"},"content":{"rendered":"<p><strong>Santander, 17 de septiembre del 2022.<\/strong>\u00a0El secretario general del PSOE de Cantabria y vicepresidente auton\u00f3mico, Pablo Zuloaga, ha asegurado que \u201cel trabajo de cogobernanza nos permite saber que ante la incertidumbre de hoy, y como consecuencia de la guerra en Ucrania, trabajamos en un escenario de optimismo para salir adelante y seguir generando empleo y que esas medidas que se toman en Madrid incidan directamente en beneficios para nuestra\u201d.<\/p>\n<p>As\u00ed se ha manifestado Zuloaga al t\u00e9rmino del Consejo de Pol\u00edtica Federal que el PSOE ha celebrado este s\u00e1bado en Zaragoza. Un Consejo marcado por el an\u00e1lisis del curso pol\u00edtico y el nuevo ciclo electoral.<\/p>\n<p>El l\u00edder de los socialistas c\u00e1ntabros ha defendido \u201cla importancia que los fondos europeos tienen para Cantabria\u201d. Proyectos, ha destacado \u201cque simbolizan la recuperaci\u00f3n del empleo y que vemos mes a mes, proyectos que nos permiten lanzar el primer Plan de Empleo juvenil con 79 millones de euros para desarrollar en nuestra regi\u00f3n por primera vez en la historia y todo gracias al empuje de las pol\u00edticas socialistas que desarrollamos en Cantabria desde el Gobierno y desde el Gobierno de Espa\u00f1a bajo la presidencia de Pedro Sanchez\u201d.<\/p>\n<p>En este sentido, ha destacado medidas como las anunciadas hoy por S\u00e1nchez, \u201ccomo son esos 120 millones de euros dirigidos a la Atenci\u00f3n Primaria que permitir\u00e1n a Cantabria reforzar m\u00e1s la atenci\u00f3n a la salud en todos los centros de salud y consultorios de nuestra tierra\u201d, u otras, ha recordado como\u00a0\u00a0\u201clas rebajas en el precio de la luz o del gas van a permitir que las familias avancen en esta circunstancia de incertidumbre y tambi\u00e9n para las empresas, para las que ponemos en marcha medidas desde el Gobierno de Cantabria que vienen soportadas por esos fondos de la Uni\u00f3n Europea que el Partido Socialista defendi\u00f3 en Bruselas\u201d.<\/p>\n<p>Pablo Zuloaga ha manifestado que \u201chemos celebrado una jornada provechosa, en la que Cantabria ha tenido voz y poder de decisi\u00f3n para impulsar desde el PSOE pol\u00edticas que mejoren la vida de los c\u00e1ntabros y las c\u00e1ntabras\u201d.<\/p>\n<p>&nbsp;<\/p>\n","protected":false},"excerpt":{"rendered":"<p>Santander, 17 de septiembre del 2022.\u00a0El secretario general del PSOE de Cantabria y vicepresidente auton\u00f3mico, Pablo Zuloaga, ha asegurado que \u201cel trabajo de cogobernanza nos permite saber que ante la incertidumbre de hoy, y como consecuencia de la guerra en Ucrania, trabajamos en un escenario de optimismo para salir adelante y seguir generando empleo y [&hellip;]<\/p>\n","protected":false},"author":2,"featured_media":7012,"comment_status":"open","ping_status":"closed","sticky":false,"template":"","format":"standard","meta":{"tdm_status":"","tdm_grid_status":"","footnotes":""},"categories":[14,24,25],"tags":[],"class_list":["post-7011","post","type-post","status-publish","format-standard","has-post-thumbnail","hentry","category-notas-de-prensa","category-partido","category-actualidad"],"_links":{"self":[{"href":"https:\/\/www.psc-psoe.es\/index.php\/wp-json\/wp\/v2\/posts\/7011","targetHints":{"allow":["GET"]}}],"collection":[{"href":"https:\/\/www.psc-psoe.es\/index.php\/wp-json\/wp\/v2\/posts"}],"about":[{"href":"https:\/\/www.psc-psoe.es\/index.php\/wp-json\/wp\/v2\/types\/post"}],"author":[{"embeddable":true,"href":"https:\/\/www.psc-psoe.es\/index.php\/wp-json\/wp\/v2\/users\/2"}],"replies":[{"embeddable":true,"href":"https:\/\/www.psc-psoe.es\/index.php\/wp-json\/wp\/v2\/comments?post=7011"}],"version-history":[{"count":0,"href":"https:\/\/www.psc-psoe.es\/index.php\/wp-json\/wp\/v2\/posts\/7011\/revisions"}],"wp:featuredmedia":[{"embeddable":true,"href":"https:\/\/www.psc-psoe.es\/index.php\/wp-json\/wp\/v2\/media\/7012"}],"wp:attachment":[{"href":"https:\/\/www.psc-psoe.es\/index.php\/wp-json\/wp\/v2\/media?parent=7011"}],"wp:term":[{"taxonomy":"category","embeddable":true,"href":"https:\/\/www.psc-psoe.es\/index.php\/wp-json\/wp\/v2\/categories?post=7011"},{"taxonomy":"post_tag","embeddable":true,"href":"https:\/\/www.psc-psoe.es\/index.php\/wp-json\/wp\/v2\/tags?post=7011"}],"curies":[{"name":"wp","href":"https:\/\/api.w.org\/{rel}","templated":true}]}}