{"id":7003,"date":"2022-09-16T08:44:49","date_gmt":"2022-09-16T07:44:49","guid":{"rendered":"https:\/\/www.psc-psoe.es\/?p=7003"},"modified":"2022-09-19T11:08:54","modified_gmt":"2022-09-19T10:08:54","slug":"pablo-zuloaga-participa-en-el-consejo-de-politica-federal-del-psoe-como-ponente-del-panel-alineados-con-el-plan-de-recuperacion-transformacion-y-resiliencia","status":"publish","type":"post","link":"https:\/\/www.psc-psoe.es\/index.php\/2022\/09\/16\/pablo-zuloaga-participa-en-el-consejo-de-politica-federal-del-psoe-como-ponente-del-panel-alineados-con-el-plan-de-recuperacion-transformacion-y-resiliencia\/","title":{"rendered":"Pablo Zuloaga participa en el Consejo de Pol\u00edtica Federal del PSOE como ponente del panel \u201cAlineados con el Plan de Recuperaci\u00f3n, Transformaci\u00f3n y Resiliencia\u201d"},"content":{"rendered":"<p><strong>Santander, 16 de septiembre del 2022.<\/strong>\u00a0El secretario general del PSOE de Cantabria y vicepresidente auton\u00f3mico, Pablo Zuloaga, participar\u00e1 este s\u00e1bado en Consejo de Pol\u00edtica Federal del PSOE que se celebrar\u00e1 en Zaragoza.<\/p>\n<p>El l\u00edder de los socialistas c\u00e1ntabros ser\u00e1 protagonista de uno de los cinco paneles tem\u00e1ticos, bajo el t\u00edtulo \u201c<em>Alineados con el Plan de Recuperaci\u00f3n, Transformaci\u00f3n y Resiliencia\u201d,<\/em> desde donde pondr\u00e1 en valor la importancia de estos fondos para el impulso de medidas y proyectos fundamentales para el futuro de Cantabria.<\/p>\n<p>El nuevo curso pol\u00edtico y las elecciones del a\u00f1o 2023 centrar\u00e1n un Consejo de Pol\u00edtica Federal, que clausurar\u00e1 el secretario general del PSOE y presidente del Gobierno, Pedro S\u00e1nchez.<\/p>\n","protected":false},"excerpt":{"rendered":"<p>Santander, 16 de septiembre del 2022.\u00a0El secretario general del PSOE de Cantabria y vicepresidente auton\u00f3mico, Pablo Zuloaga, participar\u00e1 este s\u00e1bado en Consejo de Pol\u00edtica Federal del PSOE que se celebrar\u00e1 en Zaragoza. El l\u00edder de los socialistas c\u00e1ntabros ser\u00e1 protagonista de uno de los cinco paneles tem\u00e1ticos, bajo el t\u00edtulo \u201cAlineados con el Plan de [&hellip;]<\/p>\n","protected":false},"author":2,"featured_media":7004,"comment_status":"open","ping_status":"closed","sticky":false,"template":"","format":"standard","meta":{"tdm_status":"","tdm_grid_status":"","footnotes":""},"categories":[14,24,25],"tags":[],"class_list":["post-7003","post","type-post","status-publish","format-standard","has-post-thumbnail","hentry","category-notas-de-prensa","category-partido","category-actualidad"],"_links":{"self":[{"href":"https:\/\/www.psc-psoe.es\/index.php\/wp-json\/wp\/v2\/posts\/7003","targetHints":{"allow":["GET"]}}],"collection":[{"href":"https:\/\/www.psc-psoe.es\/index.php\/wp-json\/wp\/v2\/posts"}],"about":[{"href":"https:\/\/www.psc-psoe.es\/index.php\/wp-json\/wp\/v2\/types\/post"}],"author":[{"embeddable":true,"href":"https:\/\/www.psc-psoe.es\/index.php\/wp-json\/wp\/v2\/users\/2"}],"replies":[{"embeddable":true,"href":"https:\/\/www.psc-psoe.es\/index.php\/wp-json\/wp\/v2\/comments?post=7003"}],"version-history":[{"count":0,"href":"https:\/\/www.psc-psoe.es\/index.php\/wp-json\/wp\/v2\/posts\/7003\/revisions"}],"wp:featuredmedia":[{"embeddable":true,"href":"https:\/\/www.psc-psoe.es\/index.php\/wp-json\/wp\/v2\/media\/7004"}],"wp:attachment":[{"href":"https:\/\/www.psc-psoe.es\/index.php\/wp-json\/wp\/v2\/media?parent=7003"}],"wp:term":[{"taxonomy":"category","embeddable":true,"href":"https:\/\/www.psc-psoe.es\/index.php\/wp-json\/wp\/v2\/categories?post=7003"},{"taxonomy":"post_tag","embeddable":true,"href":"https:\/\/www.psc-psoe.es\/index.php\/wp-json\/wp\/v2\/tags?post=7003"}],"curies":[{"name":"wp","href":"https:\/\/api.w.org\/{rel}","templated":true}]}}