{"id":6984,"date":"2022-09-11T10:33:25","date_gmt":"2022-09-11T09:33:25","guid":{"rendered":"https:\/\/www.psc-psoe.es\/?p=6984"},"modified":"2022-09-12T18:10:18","modified_gmt":"2022-09-12T17:10:18","slug":"zuloaga-nuestra-prioridad-es-atender-las-necesidades-de-la-ciudadania-de-cantabria-ante-cualquier-calendario-organico","status":"publish","type":"post","link":"https:\/\/www.psc-psoe.es\/index.php\/2022\/09\/11\/zuloaga-nuestra-prioridad-es-atender-las-necesidades-de-la-ciudadania-de-cantabria-ante-cualquier-calendario-organico\/","title":{"rendered":"Zuloaga: \u201cNuestra prioridad es atender las necesidades de la ciudadan\u00eda de Cantabria ante cualquier calendario org\u00e1nico\u201d"},"content":{"rendered":"<p><strong>Santander, 11 de septiembre del 2022<\/strong>. El secretario general del PSOE de Cantabria y vicepresidente auton\u00f3mico, Pablo Zuloaga, ha manifestado que \u201cel objetivo de la Comisi\u00f3n Ejecutiva Regional pasa por atender lo urgente y lo importante, en un oto\u00f1o como el que vivimos que apunta a que ser\u00e1 incierto\u201d. Es decir, ha precisado, \u201cdesde Cantabria y los principales ayuntamientos de la regi\u00f3n, lo primero pasa por atender las necesidades de la ciudadan\u00eda y por lo tanto, priorizar las condiciones de vida de los c\u00e1ntabros y c\u00e1ntabras a cualquier calendario org\u00e1nico\u201d.<\/p>\n<p>As\u00ed se ha manifestado Zuloaga en declaraciones a los medios de comunicaci\u00f3n en Santander, despu\u00e9s de que la Comisi\u00f3n Ejecutiva Regional (CER) del PSOE de Cantabria haya aprobado el calendario de primarias auton\u00f3micas y municipales (ayuntamientos de Cantabria de m\u00e1s de 20.000 habitantes) para el mes de noviembre.<\/p>\n<p>Seg\u00fan ha explicado, \u201chemos elegido el calendario de primarias entre las dos opciones que planteaba la Ejecutiva Federal y en este caso la que ha elegido la CER es la del mes de noviembre\u201d. De tal manera que \u201cen caso de que no concurran m\u00e1s de dos candidatos o candidatas a cada uno de los procesos, conocer\u00edamos los nombres de los candidatos o candidatas el mismo mes de noviembre y en caso contrario, se celebrar\u00eda una jornada de votaci\u00f3n el 11 de diciembre\u201d, ha indicado.<\/p>\n<p>El l\u00edder de los socialistas c\u00e1ntabros ha reiterado que \u201ctenemos por delante en los pr\u00f3ximos meses la aprobaci\u00f3n del Presupuestos Generales de Cantabria; la aprobaci\u00f3n de la Ley de Ciencia; llevar al Parlamento regional la Ley de Vivienda y sacar adelante dos proyectos fundamentales que est\u00e1n en tr\u00e1mites de licitaci\u00f3n y adjudicaci\u00f3n como es la unidad de protonterapia para la lucha contra el c\u00e1ncer en el hospital Valdecilla y el MUPAC, que ser\u00e1 el revulsivo cultural y econ\u00f3mico de la ciudad de Santander y de toda Cantabria\u201d.<\/p>\n<p>Por lo tanto, ha sostenido, \u201cen este momento, en el primer calendario que marcaba el escenario de primarias en octubre, no era el m\u00e1s adecuado ante las circunstancias que tenemos que afrontar en la responsabilidad de gobierno que tenemos. Porque, ha continuado, \u201cescenarios como los presupuestos de Cantabria o los del Estado, el Partido Socialista va a reivindicar al Gobierno de Espa\u00f1a m\u00e1s inversiones en nuestra comunidad aut\u00f3noma y fruto de ello han sido los \u00faltimos presupuestos aprobados en nuestro pa\u00eds\u201d.<\/p>\n<p>En palabras del secretario general, \u201cen el Partido Socialista, despu\u00e9s de cuatro a\u00f1os de gesti\u00f3n en el gobierno, m\u00e1s todos los anteriores, sumados a las circunstancias que nos han tocado vivir, hemos decidido una vez m\u00e1s, poner los intereses de los c\u00e1ntabros y c\u00e1ntabras, por delante de cualquier inter\u00e9s org\u00e1nico, sabiendo que ahora lo importante es materializar los proyectos prioritarios para Cantabria\u201d.<\/p>\n<p>A preguntas de los medios de comunicaci\u00f3n, Zuloaga ha recordado que \u201cme ha tocado afrontar diferentes procesos de primarias, soy el candidato de primarias de Espa\u00f1a que m\u00e1s procesos de este tipo ha superado y, por lo tanto, quiero reiterar que la mejor manera de respetar a los compa\u00f1eros y compa\u00f1eras es respetar los tiempos que marca el partido\u201d.<\/p>\n<p>Finalmente, Pablo Zuloaga, ha se\u00f1alado que \u201cen lo que respecta a los ayuntamientos de m\u00e1s de 20.000 habitantes con alcald\u00edas socialistas como son Castro Urdiales, Camargo y Pi\u00e9lagos, la decisi\u00f3n de volver a ser candidatas depende exclusivamente de las alcaldesas y no me cabe duda de que seguir\u00e1n adelante\u201d.<\/p>\n","protected":false},"excerpt":{"rendered":"<p>Santander, 11 de septiembre del 2022. El secretario general del PSOE de Cantabria y vicepresidente auton\u00f3mico, Pablo Zuloaga, ha manifestado que \u201cel objetivo de la Comisi\u00f3n Ejecutiva Regional pasa por atender lo urgente y lo importante, en un oto\u00f1o como el que vivimos que apunta a que ser\u00e1 incierto\u201d. Es decir, ha precisado, \u201cdesde Cantabria [&hellip;]<\/p>\n","protected":false},"author":2,"featured_media":6985,"comment_status":"open","ping_status":"closed","sticky":false,"template":"","format":"standard","meta":{"tdm_status":"","tdm_grid_status":"","footnotes":""},"categories":[14,24,25],"tags":[],"class_list":["post-6984","post","type-post","status-publish","format-standard","has-post-thumbnail","hentry","category-notas-de-prensa","category-partido","category-actualidad"],"_links":{"self":[{"href":"https:\/\/www.psc-psoe.es\/index.php\/wp-json\/wp\/v2\/posts\/6984","targetHints":{"allow":["GET"]}}],"collection":[{"href":"https:\/\/www.psc-psoe.es\/index.php\/wp-json\/wp\/v2\/posts"}],"about":[{"href":"https:\/\/www.psc-psoe.es\/index.php\/wp-json\/wp\/v2\/types\/post"}],"author":[{"embeddable":true,"href":"https:\/\/www.psc-psoe.es\/index.php\/wp-json\/wp\/v2\/users\/2"}],"replies":[{"embeddable":true,"href":"https:\/\/www.psc-psoe.es\/index.php\/wp-json\/wp\/v2\/comments?post=6984"}],"version-history":[{"count":0,"href":"https:\/\/www.psc-psoe.es\/index.php\/wp-json\/wp\/v2\/posts\/6984\/revisions"}],"wp:featuredmedia":[{"embeddable":true,"href":"https:\/\/www.psc-psoe.es\/index.php\/wp-json\/wp\/v2\/media\/6985"}],"wp:attachment":[{"href":"https:\/\/www.psc-psoe.es\/index.php\/wp-json\/wp\/v2\/media?parent=6984"}],"wp:term":[{"taxonomy":"category","embeddable":true,"href":"https:\/\/www.psc-psoe.es\/index.php\/wp-json\/wp\/v2\/categories?post=6984"},{"taxonomy":"post_tag","embeddable":true,"href":"https:\/\/www.psc-psoe.es\/index.php\/wp-json\/wp\/v2\/tags?post=6984"}],"curies":[{"name":"wp","href":"https:\/\/api.w.org\/{rel}","templated":true}]}}