{"id":6972,"date":"2022-09-02T16:00:11","date_gmt":"2022-09-02T15:00:11","guid":{"rendered":"https:\/\/www.psc-psoe.es\/?p=6972"},"modified":"2022-09-02T18:56:38","modified_gmt":"2022-09-02T17:56:38","slug":"cobo-y-casares-reivindican-las-inversiones-del-gobierno-de-pedro-sanchez-en-polanco","status":"publish","type":"post","link":"https:\/\/www.psc-psoe.es\/index.php\/2022\/09\/02\/cobo-y-casares-reivindican-las-inversiones-del-gobierno-de-pedro-sanchez-en-polanco\/","title":{"rendered":"Cobo y Casares reivindican las inversiones del Gobierno de Pedro S\u00e1nchez en Polanco"},"content":{"rendered":"<p><strong>Santander, 2 de septiembre de 2022.<\/strong> La secretaria de Organizaci\u00f3n del PSOE de Cantabria y portavoz parlamentaria, Noelia Cobo, y el secretario de Pol\u00edtica Econ\u00f3mica y Transformaci\u00f3n Digital del PSOE y diputado nacional, Pedro Casares, han acompa\u00f1ado al secretario general del PSOE Polanco y portavoz municipal, Rub\u00e9n Garc\u00eda, y los concejales Gonzalo Villegas y Cristina L\u00f3pez, en la visita a las mejoras realizadas en Polanco y Requejada.<\/p>\n<p>Lo han realizado aprovechando la ronda por Cantabria para informar acerca de la buena pol\u00edtica que aplica el Gobierno de Pedro S\u00e1nchez, a trav\u00e9s de la campa\u00f1a \u2018El Gobierno de la Gente\u2019.<\/p>\n<p>En este sentido, Noelia Cobo ha destacado que, \u201cm\u00e1s all\u00e1 de esas medidas que protegen a nuestros ciudadanos y ciudadanas, que mejoran su econom\u00eda y, por lo tanto, su calidad de vida\u201d, ha continuado, \u201cla mejora en las infraestructuras, como la nacional N-611; a trav\u00e9s de su humanizaci\u00f3n, es evidente\u201d. Esto, seg\u00fan Cobo, \u201csupone demostrar la capacidad de mejorar la calidad de vida de la ciudadan\u00eda de las pol\u00edticas socialistas; son claros ejemplos de c\u00f3mo con el PSOE en el Gobierno Central, tenemos El Gobierno de la Gente\u201d.<\/p>\n<p>\u201cAs\u00ed se demuestra la buena pol\u00edtica de Partido Socialista en el Gobierno de Espa\u00f1a y de Cantabria\u201d, ha asegurado, \u201ccon todas las medidas de protecci\u00f3n para la clase media trabajadora, conseguimos aliviar la situaci\u00f3n econ\u00f3mica de nuestros ciudadanos y ciudadanas\u201d.<\/p>\n<p>La n\u00famero dos de los socialistas de Cantabria ha hecho hincapi\u00e9 en \u201cla mejora de las infraestructuras en Polanco y Requejada, como la N-611, y en toda Cantabria\u201d, dado que, como ha asegurado, \u201ces una nacional muy transitada, clave en las conexiones del Besaya, que gracias al Ejecutivo de Pedro S\u00e1nchez, est\u00e1 m\u00e1s humanizada\u201d.<\/p>\n<p>Por su parte, el diputado nacional del PSOE por Cantabria, Pedro Casares, ha destacado \u201clas pol\u00edticas desarrolladas por el Gobierno de Pedro S\u00e1nchez para dar respuesta a necesidades de municipios como Polanco\u201d.<\/p>\n<p>Casares ha dicho que \u201cla humanizaci\u00f3n de la N-611 a su paso por Requejada es una de esas actuaciones que el Gobierno de Espa\u00f1a est\u00e1 desarrollando desde hace cuatro a\u00f1os para mejorar el bienestar de los ciudadanos, demostrando tambi\u00e9n el compromiso con los ayuntamientos de Cantabria y con todos esos proyectos que mejoran el d\u00eda a d\u00eda de la gente\u201d.<\/p>\n<p>\u201cEl Gobierno va a invertir esta carretera nacional a su paso por este municipio, durante 2,5 kil\u00f3metros para mejorar la seguridad vial en una carretera en la que cada d\u00eda pasan 14.000 veh\u00edculos\u201d, ha explicado el diputado del PSOE de Cantabria.<\/p>\n<p>Por otra parte, Casares ha puesto en valor que el ayuntamiento de Polanco pueda invertir sus remanentes gracias a la liberalizaci\u00f3n de los mismos por parte del Gobierno de Pedro S\u00e1nchez. \u201cRemanentes con los que se ha podido construir la escuela de 0 a 2 a\u00f1os, la accesibilidad del centro cultural o la reforma integral de la Casa Joven en el Ayuntamiento.<\/p>\n<p>Asimismo, Casares ha destacado la importancia del abono gratuito para viajar en Cercan\u00edas desde este 1 de septiembre \u201cque beneficia de forma directa a los bolsillos de los vecinos y vecinas de Polanco, que van a poder disfrutar y viajar gratis en tren a Torrelavega o Santander desde las estaciones de Requejada y Mar\u201d.<\/p>\n<p>Por \u00faltimo, el secretario de Pol\u00edtica Municipal del PSOE de Polanco y concejal, Gonzalo Villegas, ha agradecido que el Gobierno de Pedro S\u00e1nchez lleve a cabo \u201cuna pol\u00edtica de humanizaci\u00f3n de carreteras nacionales y entre ellas est\u00e1 a su paso por Requejada y por Mar donde va a hacer una gran inversi\u00f3n para hacerla m\u00e1s segura\u201d.<\/p>\n<p>\u201cEl desbloqueo de los remanentes hecho por el Gobierno de Pedro S\u00e1nchez, los ahorros de los ayuntamientos, que hab\u00eda bloqueado el PP, ha permitido que el ayuntamiento de Polanco haga numerosas inversiones como la Casa de Cultura o la Casa Joven\u201d, ha concluido Villegas.<\/p>\n","protected":false},"excerpt":{"rendered":"<p>Santander, 2 de septiembre de 2022. La secretaria de Organizaci\u00f3n del PSOE de Cantabria y portavoz parlamentaria, Noelia Cobo, y el secretario de Pol\u00edtica Econ\u00f3mica y Transformaci\u00f3n Digital del PSOE y diputado nacional, Pedro Casares, han acompa\u00f1ado al secretario general del PSOE Polanco y portavoz municipal, Rub\u00e9n Garc\u00eda, y los concejales Gonzalo Villegas y Cristina [&hellip;]<\/p>\n","protected":false},"author":2,"featured_media":6973,"comment_status":"open","ping_status":"closed","sticky":false,"template":"","format":"standard","meta":{"tdm_status":"","tdm_grid_status":"","footnotes":""},"categories":[14,24,1,25],"tags":[],"class_list":["post-6972","post","type-post","status-publish","format-standard","has-post-thumbnail","hentry","category-notas-de-prensa","category-partido","category-uncategorized","category-actualidad"],"_links":{"self":[{"href":"https:\/\/www.psc-psoe.es\/index.php\/wp-json\/wp\/v2\/posts\/6972","targetHints":{"allow":["GET"]}}],"collection":[{"href":"https:\/\/www.psc-psoe.es\/index.php\/wp-json\/wp\/v2\/posts"}],"about":[{"href":"https:\/\/www.psc-psoe.es\/index.php\/wp-json\/wp\/v2\/types\/post"}],"author":[{"embeddable":true,"href":"https:\/\/www.psc-psoe.es\/index.php\/wp-json\/wp\/v2\/users\/2"}],"replies":[{"embeddable":true,"href":"https:\/\/www.psc-psoe.es\/index.php\/wp-json\/wp\/v2\/comments?post=6972"}],"version-history":[{"count":0,"href":"https:\/\/www.psc-psoe.es\/index.php\/wp-json\/wp\/v2\/posts\/6972\/revisions"}],"wp:featuredmedia":[{"embeddable":true,"href":"https:\/\/www.psc-psoe.es\/index.php\/wp-json\/wp\/v2\/media\/6973"}],"wp:attachment":[{"href":"https:\/\/www.psc-psoe.es\/index.php\/wp-json\/wp\/v2\/media?parent=6972"}],"wp:term":[{"taxonomy":"category","embeddable":true,"href":"https:\/\/www.psc-psoe.es\/index.php\/wp-json\/wp\/v2\/categories?post=6972"},{"taxonomy":"post_tag","embeddable":true,"href":"https:\/\/www.psc-psoe.es\/index.php\/wp-json\/wp\/v2\/tags?post=6972"}],"curies":[{"name":"wp","href":"https:\/\/api.w.org\/{rel}","templated":true}]}}