{"id":6958,"date":"2022-09-01T14:43:34","date_gmt":"2022-09-01T13:43:34","guid":{"rendered":"https:\/\/www.psc-psoe.es\/?p=6958"},"modified":"2022-09-01T14:43:34","modified_gmt":"2022-09-01T13:43:34","slug":"el-psoe-destaca-la-capacidad-de-este-gobierno-socialista-para-impulsar-politicas-que-aporten-certezas-ante-la-situacion-de-incertidumbre-global","status":"publish","type":"post","link":"https:\/\/www.psc-psoe.es\/index.php\/2022\/09\/01\/el-psoe-destaca-la-capacidad-de-este-gobierno-socialista-para-impulsar-politicas-que-aporten-certezas-ante-la-situacion-de-incertidumbre-global\/","title":{"rendered":"El PSOE destaca \u201cla capacidad de este Gobierno Socialista para impulsar pol\u00edticas que aporten certezas ante la situaci\u00f3n de incertidumbre global\u201d"},"content":{"rendered":"<p><strong>Santander, 1 de septiembre de 2022.<\/strong> La secretaria de Organizaci\u00f3n y portavoz parlamentaria, Noelia Cobo, y el secretario de Pol\u00edtica Econ\u00f3mica y Transformaci\u00f3n Digital del PSOE y diputado nacional, Pedro Casares, han destacado la \u201calta capacidad del Gobierno socialista, en Espa\u00f1a y Cantabria, para impulsar pol\u00edticas que aportan certezas ante la situaci\u00f3n de incertidumbre global\u201d, provocada por la guerra en Ucrania y sus consecuencias.<\/p>\n<p>En este sentido, Cobo ha manifestado que \u201caquellos que estaban en contra de esas pol\u00edticas socialistas\u201d, hoy, \u201cviendo los resultados tan positivos que han tenido sobre la ciudadan\u00eda\u201d, ha a\u00f1adido, \u201cquieren hacer suyos los resultados\u201d.<\/p>\n<p>\u201cHoy comenzamos esta campa\u00f1a, \u2018El Gobierno de la Gente\u2019, que tiene como objetivo informar a la ciudadan\u00eda de todos los beneficios que les proporcionan las pol\u00edticas que se adoptan desde el Gobierno de Espa\u00f1a, desde el Gobierno socialista, as\u00ed como escuchar sus opiniones y atender a sus necesidades\u201d, ha destacado Cobo.<\/p>\n<p>\u201cSon muchas las pol\u00edticas planteadas que van a suponer un alivio para las familias en Espa\u00f1a y Cantabria\u201d, ha asegurado, por ejemplo, \u201cla gratuidad de las cercan\u00edas y medias distancias de Renfe, a partir de hoy 1 de septiembre, y la rebaja en el IVA de la factura del gas desde el 21% hasta el 5%, que nos daba a conocer Pedro S\u00e1nchez, presidente del Gobierno esta ma\u00f1ana\u201d, ha indicado. \u201cTodo ello supone que, desde el inicio de la crisis, las subvenciones y ayudas del Ejecutivo central han conseguido que se rebaje, en conjunto, un 80% de los impuestos\u201d, ha apuntado.<\/p>\n<p>Asimismo, Cobo ha hecho hincapi\u00e9 en que \u201ccomo bien ha asegurado S\u00e1nchez, estas medidas no son temporales y no van a ser las \u00fanicas que tome el Ejecutivo\u201d, adem\u00e1s, ha a\u00f1adido que \u201ca\u00fan esperan muchas otras pol\u00edticas para seguir ayudando a la recuperaci\u00f3n econ\u00f3mica de Espa\u00f1a y Cantabria\u201d.<\/p>\n<p>Medidas, seg\u00fan Cobo, \u201ccaracter\u00edsticas del Gobierno de los socialistas, del Gobierno de la Gente\u201d. Porque, como ha mencionado la n\u00famero dos de los socialistas de Cantabria, \u201cel PSOE en el gobierno, es la garant\u00eda de la buena pol\u00edtica, de desarrollar las respuestas a los problemas de la ciudadan\u00eda\u201d.<\/p>\n<p>Por su parte, el secretario de Pol\u00edtica Econ\u00f3mica y Transformaci\u00f3n Digital del PSOE y diputado nacional por Cantabria, Pedro Casares, ha afirmado que \u201ctodos notamos las consecuencias, la subida de los precios, y por eso creemos que es importante dar a conocer las medidas que el Gobierno de Espa\u00f1a lleva desarrollando para ayudar a la ciudadan\u00eda\u201d.<\/p>\n<p>\u201cHoy iniciamos la campa\u00f1a del Gobierno de la gente, nunca un nombre hab\u00eda resumido tan bien las pol\u00edticas que estos a\u00f1os est\u00e1 desarrollando el Gobierno de Espa\u00f1a para ayudar a los hombres y mujeres de Cantabria y de todo nuestro pa\u00eds que han sufrido primero la pandemia y ahora las consecuencias de una guerra injusta e ilegal de Putin en Ucrania\u201d, ha dicho.<\/p>\n<p>Casares ha afirmado que \u201cno es un d\u00eda cualquiera para ello, ya que este 1 de septiembre entran en vigor medidas que van a ayudar a miles de hombres y mujeres de Cantabria a afrontar esta situaci\u00f3n\u201d.<\/p>\n<p>Una de las medidas m\u00e1s importantes a juicio de Casares son los abonos gratuitos para desplazarse en transporte ferroviario, que ha hecho que el lugar elegido para iniciar la campa\u00f1a sea la plaza de las Estaciones frente a la estaci\u00f3n de RENFE.<\/p>\n<p><strong>M\u00e1s de 6.000 c\u00e1ntabros con abono gratuito<\/strong><\/p>\n<p>\u201cDesde hoy miles de viajeros van a viajar gratis por la red de Cercan\u00edas de Cantabria que van a poder solicitar el abono\u201d, ha dicho a la vez que ha remarcado que hasta ayer, 31 de agosto, m\u00e1s de 6.000 c\u00e1ntabros y c\u00e1ntabras ya hab\u00edan solicitado el abono gratuito.<\/p>\n<p>En este sentido, el portavoz econ\u00f3mico del PSOE en el Congreso ha destacado que todos ellos van a poder viajar gratis en la l\u00ednea Santander- Reinosa y la l\u00ednea Cabez\u00f3n de la Sal- Santander- Li\u00e9rganes, adem\u00e1s de en trayectos de Media Distancia hasta Oviedo, Bilbao y Valladolid.<\/p>\n<p>\u201cEste 1 de septiembre son muchos los ciudadanos que han montado en un tren de Cercan\u00edas en Cantabria que vienen de Camargo, Malia\u00f1o, Astillero, Li\u00e9rganes, Torrelavega, Cabez\u00f3n de la Sal o de Reinosa y no han pagado nada por su billete cuando hasta ayer pod\u00edan llegar a pagar hasta 60 euros por su abono y hoy van a pagar 0 euros\u201d, ha explicado Casares.<\/p>\n<p>A su vez, el dirigente del PSOE ha dicho que tambi\u00e9n hay una bonificaci\u00f3n del 30% para el transporte en la red de autobuses en Cantabria y tambi\u00e9n el transporte urbano del TUS en Santander, \u201cuna actuaci\u00f3n que financia \u00edntegramente el Gobierno de Pedro S\u00e1nchez\u201d.<\/p>\n<p>\u201cEl Ayuntamiento de Santander, Gema Igual, no ha querido colaborar con la ciudadan\u00eda para que hoy fuera m\u00e1s barato todav\u00eda el transporte urbano en Santander, algo que lamentamos desde el Partido Socialista\u201d, ha denunciado.<\/p>\n<p>Para Casares, \u201cera una oportunidad para que Gema Igual se pusiera del lado de la gente y colaborase con esos m\u00e1s de 739.000\u00a0 euros con los que el Gobierno de Pedro S\u00e1nchez va a colaborar con el transporte urbano de Santander\u201d.<\/p>\n<p>\u201cTodo aquel que hoy se suba al TUS hoy en Santander tenga esos veinte c\u00e9ntimos de descuento que vamos a poder disfrutar todos los ciudadanos de esta ciudad gracias al Gobierno de Pedro S\u00e1nchez, ha enfatizado.<\/p>\n<p>Por \u00faltimo, Pedro Casares ha dicho que hay \u201cmuchas m\u00e1s medidas que llegan al coraz\u00f3n de la gente\u201d, como la subida de las pensiones un 15%, el incremento del Ingreso M\u00ednimo Vital un 15%, el incremento de 100 euros en las becas para un mill\u00f3n de estudiantes \u201cy para todas esas medidas no hemos podido contar con el Partido Popular\u201d.<\/p>\n<p>\u201cPedimos al PP que entre en la senda de la raz\u00f3n, que se ponga del lado de la ciudadan\u00eda y deje el radicalismo pol\u00edtico en el que Feij\u00f3o se ha instalado y que es sano el debate democr\u00e1tico y por eso le invitamos a participar en el Senado en el debate sobre las pol\u00edticas energ\u00e9ticas, debate al que no quieren ir porque es muy dif\u00edcil explicar a todos los ciudadanos que se opongan a todo\u201d, ha concluido.<\/p>\n","protected":false},"excerpt":{"rendered":"<p>Santander, 1 de septiembre de 2022. La secretaria de Organizaci\u00f3n y portavoz parlamentaria, Noelia Cobo, y el secretario de Pol\u00edtica Econ\u00f3mica y Transformaci\u00f3n Digital del PSOE y diputado nacional, Pedro Casares, han destacado la \u201calta capacidad del Gobierno socialista, en Espa\u00f1a y Cantabria, para impulsar pol\u00edticas que aportan certezas ante la situaci\u00f3n de incertidumbre global\u201d, [&hellip;]<\/p>\n","protected":false},"author":2,"featured_media":6960,"comment_status":"open","ping_status":"closed","sticky":false,"template":"","format":"standard","meta":{"tdm_status":"","tdm_grid_status":"","footnotes":""},"categories":[14,24,1,25],"tags":[],"class_list":["post-6958","post","type-post","status-publish","format-standard","has-post-thumbnail","hentry","category-notas-de-prensa","category-partido","category-uncategorized","category-actualidad"],"_links":{"self":[{"href":"https:\/\/www.psc-psoe.es\/index.php\/wp-json\/wp\/v2\/posts\/6958","targetHints":{"allow":["GET"]}}],"collection":[{"href":"https:\/\/www.psc-psoe.es\/index.php\/wp-json\/wp\/v2\/posts"}],"about":[{"href":"https:\/\/www.psc-psoe.es\/index.php\/wp-json\/wp\/v2\/types\/post"}],"author":[{"embeddable":true,"href":"https:\/\/www.psc-psoe.es\/index.php\/wp-json\/wp\/v2\/users\/2"}],"replies":[{"embeddable":true,"href":"https:\/\/www.psc-psoe.es\/index.php\/wp-json\/wp\/v2\/comments?post=6958"}],"version-history":[{"count":0,"href":"https:\/\/www.psc-psoe.es\/index.php\/wp-json\/wp\/v2\/posts\/6958\/revisions"}],"wp:featuredmedia":[{"embeddable":true,"href":"https:\/\/www.psc-psoe.es\/index.php\/wp-json\/wp\/v2\/media\/6960"}],"wp:attachment":[{"href":"https:\/\/www.psc-psoe.es\/index.php\/wp-json\/wp\/v2\/media?parent=6958"}],"wp:term":[{"taxonomy":"category","embeddable":true,"href":"https:\/\/www.psc-psoe.es\/index.php\/wp-json\/wp\/v2\/categories?post=6958"},{"taxonomy":"post_tag","embeddable":true,"href":"https:\/\/www.psc-psoe.es\/index.php\/wp-json\/wp\/v2\/tags?post=6958"}],"curies":[{"name":"wp","href":"https:\/\/api.w.org\/{rel}","templated":true}]}}