{"id":6937,"date":"2022-08-15T08:42:07","date_gmt":"2022-08-15T07:42:07","guid":{"rendered":"https:\/\/www.psc-psoe.es\/?p=6937"},"modified":"2022-08-15T08:42:07","modified_gmt":"2022-08-15T07:42:07","slug":"noelia-cobo-es-el-momento-de-reivindicar-todo-lo-que-hemos-conseguido-para-cantabria-siempre-con-la-identidad-y-cohesion-de-nuestro-pueblo-en-el-centro-de-las-politicas","status":"publish","type":"post","link":"https:\/\/www.psc-psoe.es\/index.php\/2022\/08\/15\/noelia-cobo-es-el-momento-de-reivindicar-todo-lo-que-hemos-conseguido-para-cantabria-siempre-con-la-identidad-y-cohesion-de-nuestro-pueblo-en-el-centro-de-las-politicas\/","title":{"rendered":"Noelia Cobo: \u201cEs el momento de reivindicar todo lo que hemos conseguido para Cantabria; siempre con la identidad y cohesi\u00f3n de nuestro pueblo en el centro de las pol\u00edticas\u201d"},"content":{"rendered":"<p><strong>Santander, 14 de agosto de 2022.<\/strong> La secretaria de Organizaci\u00f3n del PSOE de Cantabria y portavoz parlamentaria, Noelia Cobo, ha manifestado que \u201ces el momento de reivindicar los avances de Cantabria\u201d, unos avances, ha a\u00f1adido \u201cque siempre tienen en el foco de sus pol\u00edticas la identidad y cohesi\u00f3n del pueblo c\u00e1ntabro\u201d.<\/p>\n<p>Cobo lo ha destacado a preguntas de los medios al finalizar los actos institucionales con motivo del D\u00eda de Cantabria en Cabez\u00f3n de la Sal. \u201cEn un d\u00eda como hoy, que adem\u00e1s justo se cumplen los 40 a\u00f1os de autonom\u00eda de Cantabria, es imprescindible poner en valor la importancia de los valores etnogr\u00e1ficos de nuestra regi\u00f3n\u201d, ha recalcado.<\/p>\n<p>\u201cNos encontr\u00e1bamos ante una evidente sensaci\u00f3n generalizada de incertidumbre global, y aun as\u00ed, hemos conseguido sacar adelante proyectos para la ciudan\u00eda de Cantabria\u201d, ha subrayado. Proyectos como, \u201cel MUPAC, la protonterapia, la Ley de Memoria Hist\u00f3rica, la Ley LGTBI+\u2026\u201d, ha enumerado. Adem\u00e1s, como ha mencionado, \u201clos avances son en todas las materias: Cantabria ha sido en julio la comunidad donde m\u00e1s ha descendido la tasa de paro, gracias a la Reforma Laboral impulsada por nuestro Gobierno central\u201d.<\/p>\n<p>La n\u00famero dos de los Socialistas de Cantabria ha hecho hincapi\u00e9 en que \u201ctodas estas pol\u00edticas son por y para Cantabria y los c\u00e1ntabros y c\u00e1ntabras\u201d. En todo momento, ha a\u00f1adido \u201ctenemos en cuenta la identidad de nuestro pueblo para poder garantizar el bienestar de los m\u00e1s vulnerables\u201d.<\/p>\n<p>Finalmente, Cobo ha recalcado que \u201clas y los socialistas de Cantabria seguimos trabajando para poder desarrollar pol\u00edticas acordes a la situaci\u00f3n econ\u00f3mica con la que nos encontramos\u201d. Pol\u00edticas, ha a\u00f1adido \u201cque se plantean desde la responsabilidad con la que contamos y que garanticen la cohesi\u00f3n social que nos identifica como pueblo\u201d.<\/p>\n<p>\u201cCantabria sigue avanzando gracias a la cooperaci\u00f3n institucional, la buena voluntad de nuestros alcaldes y alcaldesas, el aumento en derechos, en justicia social\u2026\u201d, ha destacado. \u201cTenemos la firma convicci\u00f3n de que vamos a seguir haciendo lo que mejor se nos da: Gobernar para Transformar\u201d, ha concluido.<\/p>\n","protected":false},"excerpt":{"rendered":"<p>Santander, 14 de agosto de 2022. La secretaria de Organizaci\u00f3n del PSOE de Cantabria y portavoz parlamentaria, Noelia Cobo, ha manifestado que \u201ces el momento de reivindicar los avances de Cantabria\u201d, unos avances, ha a\u00f1adido \u201cque siempre tienen en el foco de sus pol\u00edticas la identidad y cohesi\u00f3n del pueblo c\u00e1ntabro\u201d. Cobo lo ha destacado [&hellip;]<\/p>\n","protected":false},"author":2,"featured_media":6941,"comment_status":"open","ping_status":"closed","sticky":false,"template":"","format":"standard","meta":{"tdm_status":"","tdm_grid_status":"","footnotes":""},"categories":[14,24,1,25],"tags":[],"class_list":["post-6937","post","type-post","status-publish","format-standard","has-post-thumbnail","hentry","category-notas-de-prensa","category-partido","category-uncategorized","category-actualidad"],"_links":{"self":[{"href":"https:\/\/www.psc-psoe.es\/index.php\/wp-json\/wp\/v2\/posts\/6937","targetHints":{"allow":["GET"]}}],"collection":[{"href":"https:\/\/www.psc-psoe.es\/index.php\/wp-json\/wp\/v2\/posts"}],"about":[{"href":"https:\/\/www.psc-psoe.es\/index.php\/wp-json\/wp\/v2\/types\/post"}],"author":[{"embeddable":true,"href":"https:\/\/www.psc-psoe.es\/index.php\/wp-json\/wp\/v2\/users\/2"}],"replies":[{"embeddable":true,"href":"https:\/\/www.psc-psoe.es\/index.php\/wp-json\/wp\/v2\/comments?post=6937"}],"version-history":[{"count":0,"href":"https:\/\/www.psc-psoe.es\/index.php\/wp-json\/wp\/v2\/posts\/6937\/revisions"}],"wp:featuredmedia":[{"embeddable":true,"href":"https:\/\/www.psc-psoe.es\/index.php\/wp-json\/wp\/v2\/media\/6941"}],"wp:attachment":[{"href":"https:\/\/www.psc-psoe.es\/index.php\/wp-json\/wp\/v2\/media?parent=6937"}],"wp:term":[{"taxonomy":"category","embeddable":true,"href":"https:\/\/www.psc-psoe.es\/index.php\/wp-json\/wp\/v2\/categories?post=6937"},{"taxonomy":"post_tag","embeddable":true,"href":"https:\/\/www.psc-psoe.es\/index.php\/wp-json\/wp\/v2\/tags?post=6937"}],"curies":[{"name":"wp","href":"https:\/\/api.w.org\/{rel}","templated":true}]}}