{"id":6742,"date":"2022-04-12T20:31:40","date_gmt":"2022-04-12T19:31:40","guid":{"rendered":"https:\/\/www.psc-psoe.es\/?p=6742"},"modified":"2022-04-12T20:32:00","modified_gmt":"2022-04-12T19:32:00","slug":"pablo-zuloaga-insta-a-buruaga-a-aclarar-si-defiende-la-autonomia-de-cantabria-o-esta-de-acuerdo-con-el-pacto-de-feijoo-y-vox","status":"publish","type":"post","link":"https:\/\/www.psc-psoe.es\/index.php\/2022\/04\/12\/pablo-zuloaga-insta-a-buruaga-a-aclarar-si-defiende-la-autonomia-de-cantabria-o-esta-de-acuerdo-con-el-pacto-de-feijoo-y-vox\/","title":{"rendered":"Pablo Zuloaga insta a Buruaga a aclarar \u201csi defiende la autonom\u00eda de Cantabria o est\u00e1 de acuerdo con el pacto de Feij\u00f3o y Vox\u201d"},"content":{"rendered":"<p><strong>Santander, 12 de abril de 2022.<\/strong>\u00a0El secretario general del PSOE de Cantabria y vicepresidente auton\u00f3mico, Pablo Zuloaga ha criticado la situaci\u00f3n pol\u00edtica que atraviesa Castilla y Le\u00f3n, donde por primera vez en la historia de la democracia el Partido Popular ha pactado con la extrema derecha para acceder al gobierno.<\/p>\n<p>As\u00ed se ha expresado durante la Comisi\u00f3n Ejecutiva Regional (CER) del PSOE de Cantabria celebrada este martes en la sede de los socialistas c\u00e1ntabros, en Santander.<\/p>\n<p>Zuloaga ha instado a la presidenta del PP c\u00e1ntabro, Mar\u00eda Jos\u00e9 S\u00e1enz de Buruaga a que aclare y condene el pacto del PP con Vox en Castilla y Le\u00f3n\u201d, de no hacerlo, ha continuado, \u201cestar\u00e1 amparando a aquellos que reniegan de la autonom\u00eda de Cantabria\u201d.<\/p>\n<p>\u201cSi Buruaga es c\u00f3mplice del acuerdo de Feij\u00f3o con Castilla y Le\u00f3n donde se cuestionan las pol\u00edticas sobre violencia de g\u00e9nero, es una hipocres\u00eda verlos recorrer las calles de Cantabria d\u00edas como el 8M o el 25N, gritando a favor de los derechos de las mujeres\u201d, ha destacado.<\/p>\n<p>Seg\u00fan el l\u00edder de los socialistas c\u00e1ntabros, \u201cestamos ante un hecho ins\u00f3lito, el nuevo PP de Feij\u00f3o tiende sus manos a Vox y les da acceso a las instituciones sin ning\u00fan pudor\u201d.<\/p>\n<p>\u201cPero ante quienes quieren mutilar la Constituci\u00f3n, buscan derogar la ley de Violencia de G\u00e9nero, debilitan nuestro Estado del Bienestar o se\u00f1alan a los partidos progresistas como enemigos de Espa\u00f1a\u2026las y los socialistas vamos a estar en frente y vamos a luchar para impedir dar pasos hacia atr\u00e1s en todo lo que tanto nos ha costado conseguir\u201d, ha sostenido.<\/p>\n<p>Seg\u00fan el dirigente socialista \u201cla entrada de la extrema derecha en Castilla y Le\u00f3n es un ataque contra la democracia\u201d. En su opini\u00f3n, \u201clos \u00fanicos enemigos de nuestro pa\u00eds son aquellos que buscan la inestabilidad de la democracia, aquellos que abren las puertas a los partidos de la extrema derecha o aquellos que se niegan a aceptar la evoluci\u00f3n de nuestra sociedad y eso, lo hace el PP y Vox en esta regi\u00f3n y en este pa\u00eds\u201d.<\/p>\n<p>El l\u00edder de los socialistas c\u00e1ntabros ha destacado que \u201clo que hemos podido ver en Castilla y Le\u00f3n es solo el comienzo de las decisiones de Feij\u00f3o; dejar entrar a Vox en el equipo de gobierno es normalizar que la extrema derecha est\u00e9 al mando en la pol\u00edtica territorial\u201d.<\/p>\n<p>Asimismo, ha insistido en la importancia de \u201ccrear un cord\u00f3n sanitario a la extrema derecha en Espa\u00f1a y Cantabria como se est\u00e1 haciendo en Francia con Marine Le Pen\u201d, adem\u00e1s, \u201cnadie deber\u00eda poder pactar con la extrema derecha, desestabilizan la democracia y en Castilla y Le\u00f3n lo estamos viendo claro\u201d.<\/p>\n<p>\u201cNo podemos permitir que el contagio de la extrema derecha desmantele todo aquello que hemos construido\u201d, ha sostenido.<\/p>\n<p><strong>Aniversario PSOE Cantabria<\/strong><\/p>\n<p>El PSOE de Cantabria celebra su aniversario en el panorama pol\u00edtico de la regi\u00f3n, con un homenaje el pr\u00f3ximo mes de mayo. Un acto en el que se homenajear\u00e1 a aquellos y aquellas militantes que sobrepasen la barrera de los 25 a\u00f1os en la formaci\u00f3n dado que, durante los a\u00f1os 2020 y 2021, no se pudo llevar a cabo por la situaci\u00f3n provocada por la pandemia de la Covid-19.<\/p>\n<p>Adem\u00e1s, en este homenaje se va a poner en valor la figura de los compa\u00f1eros y compa\u00f1eras que han sido diputados y diputadas auton\u00f3micas a lo largo de los 40 a\u00f1os de autonom\u00eda de Cantabria.<\/p>\n<p>Pablo Zuloaga, ha destacado que \u201clas y los socialistas venimos trabajando d\u00eda a d\u00eda desde el Gobierno, los ayuntamientos y las diferentes instituciones con enorme compromiso y responsabilidad para conseguir una Cantabria de progreso, mejor y m\u00e1s justa para todos los c\u00e1ntabros y las c\u00e1ntabras\u201d.<\/p>\n<p><strong>Elecci\u00f3n de los miembros del Comit\u00e9 Regional<\/strong><\/p>\n<p>La Comisi\u00f3n Ejecutiva Regional (CER) ha fijado la jornada de votaci\u00f3n para la elecci\u00f3n del tercio de los miembros del Comit\u00e9 Regional escogidos, tal y como establecen los Estatutos, por voto directo y secreto de la militancia, el pr\u00f3ximo 30 de abril, que en este caso suponen 35 personas. Esta jornada se desarrollar\u00e1 en los diferentes centros de votaci\u00f3n designados para este caso.<\/p>\n<p>Finalmente, Pablo Zuloaga ha destacado que \u201ces imprescindible contar con la participaci\u00f3n de todos los militantes para conseguir que el PSOE de Cantabria siga siendo un ejemplo de partido democr\u00e1tico, en el que todas las opiniones son necesarias\u201d.<\/p>\n","protected":false},"excerpt":{"rendered":"<p>Santander, 12 de abril de 2022.\u00a0El secretario general del PSOE de Cantabria y vicepresidente auton\u00f3mico, Pablo Zuloaga ha criticado la situaci\u00f3n pol\u00edtica que atraviesa Castilla y Le\u00f3n, donde por primera vez en la historia de la democracia el Partido Popular ha pactado con la extrema derecha para acceder al gobierno. As\u00ed se ha expresado durante [&hellip;]<\/p>\n","protected":false},"author":2,"featured_media":6743,"comment_status":"open","ping_status":"closed","sticky":false,"template":"","format":"standard","meta":{"tdm_status":"","tdm_grid_status":"","footnotes":""},"categories":[14,1,25],"tags":[],"class_list":["post-6742","post","type-post","status-publish","format-standard","has-post-thumbnail","hentry","category-notas-de-prensa","category-uncategorized","category-actualidad"],"_links":{"self":[{"href":"https:\/\/www.psc-psoe.es\/index.php\/wp-json\/wp\/v2\/posts\/6742","targetHints":{"allow":["GET"]}}],"collection":[{"href":"https:\/\/www.psc-psoe.es\/index.php\/wp-json\/wp\/v2\/posts"}],"about":[{"href":"https:\/\/www.psc-psoe.es\/index.php\/wp-json\/wp\/v2\/types\/post"}],"author":[{"embeddable":true,"href":"https:\/\/www.psc-psoe.es\/index.php\/wp-json\/wp\/v2\/users\/2"}],"replies":[{"embeddable":true,"href":"https:\/\/www.psc-psoe.es\/index.php\/wp-json\/wp\/v2\/comments?post=6742"}],"version-history":[{"count":0,"href":"https:\/\/www.psc-psoe.es\/index.php\/wp-json\/wp\/v2\/posts\/6742\/revisions"}],"wp:featuredmedia":[{"embeddable":true,"href":"https:\/\/www.psc-psoe.es\/index.php\/wp-json\/wp\/v2\/media\/6743"}],"wp:attachment":[{"href":"https:\/\/www.psc-psoe.es\/index.php\/wp-json\/wp\/v2\/media?parent=6742"}],"wp:term":[{"taxonomy":"category","embeddable":true,"href":"https:\/\/www.psc-psoe.es\/index.php\/wp-json\/wp\/v2\/categories?post=6742"},{"taxonomy":"post_tag","embeddable":true,"href":"https:\/\/www.psc-psoe.es\/index.php\/wp-json\/wp\/v2\/tags?post=6742"}],"curies":[{"name":"wp","href":"https:\/\/api.w.org\/{rel}","templated":true}]}}