{"id":6723,"date":"2022-03-29T09:25:19","date_gmt":"2022-03-29T08:25:19","guid":{"rendered":"https:\/\/www.psc-psoe.es\/?p=6723"},"modified":"2022-03-31T09:31:33","modified_gmt":"2022-03-31T08:31:33","slug":"la-fundacion-matilde-de-la-torre-celebra-este-miercoles-una-mesa-redonda-para-analizar-los-40-anos-del-estatuto-de-cantabria-desde-una-perspectiva-cultural","status":"publish","type":"post","link":"https:\/\/www.psc-psoe.es\/index.php\/2022\/03\/29\/la-fundacion-matilde-de-la-torre-celebra-este-miercoles-una-mesa-redonda-para-analizar-los-40-anos-del-estatuto-de-cantabria-desde-una-perspectiva-cultural\/","title":{"rendered":"La Fundaci\u00f3n Matilde de la Torre celebra este mi\u00e9rcoles una mesa redonda para analizar los 40 a\u00f1os del Estatuto de Cantabria desde una perspectiva cultural"},"content":{"rendered":"<p><strong>Santander, 29 de marzo del 2022.<\/strong> La Fundaci\u00f3n Matilde de la Torre celebra una nueva mesa redonda bajo el t\u00edtulo; \u201cAutonom\u00eda y panorama cultural\u201d dentro de las actividades organizadas por el 40 aniversario del Estatuto de Autonom\u00eda de Cantabria. Una cita abierta a toda la ciudadan\u00eda que tendr\u00e1 lugar este mi\u00e9rcoles, 30 de marzo a partir de las 19:00 horas en el Ateneo de Santander.<\/p>\n<p>El presidente de la Fundaci\u00f3n Matilde de la Torre, Francisco Fern\u00e1ndez Ma\u00f1anes ha explicado que \u201cesta mesa re\u00fane un panel de expertos en diversos \u00e1mbitos de la cultura de Cantabria con el fin de incidir en los avances experimentados en estos 40 a\u00f1os y analizar los retos y desaf\u00edos que quedan pendientes en este \u00e1mbito\u201d.<\/p>\n<p>Asimismo, ha explicado, \u201ctambi\u00e9n haremos referencia al patrimonio prehist\u00f3rico de Cantabria, as\u00ed como a las artes esc\u00e9nicas y musicales, a las infraestructuras culturales de nuestra regi\u00f3n, a la creaci\u00f3n literaria y edici\u00f3n, a los archivos y bibliotecas, a las artes pl\u00e1sticas o al cine\u201d. A todo, ha dicho, \u201clo que hemos evolucionado en nuestra tierra en el \u00e1mbito cultural y a lo que queda por hacer por lograr la Cantabria moderna y de progreso a la que aspiramos\u201d.<\/p>\n<p>En esta mesa redonda participar\u00e1n el director de las Cuevas Prehist\u00f3ricas de Cantabria y del Museo de Arqueolog\u00eda y Prehistoria de Cantabria (MUPAC), Roberto Onta\u00f1\u00f3n; la periodista y actual directora general de Acci\u00f3n Cultural del Gobierno de Cantabria, Gema Agudo; la actriz y directora de teatro, Anabel D\u00edaz y el exdirector del Diario Monta\u00f1\u00e9s y presidente de Ateneo de Santander, Manuel \u00c1ngel Casta\u00f1eda. Una mesa que est\u00e1 moderada por Ra\u00fal G\u00f3mez Samperio. Doctor universitario, miembro de la Sociedad Men\u00e9ndez Pelayo, fundador de la Sociedad de Escritores de Cantabria y miembro de la Asociaci\u00f3n de la Prensa de Cantabria.<\/p>\n<p>Seg\u00fan Fern\u00e1ndez Ma\u00f1anes, \u201ccon estos actos, desde la Fundaci\u00f3n Matilde de la Torre queremos ampliar el conocimiento sobre la historia de nuestro Estatuto de Autonom\u00eda, as\u00ed como generar un espacio de coloquio y debate entre los protagonistas y los asistentes con el fin de compartir experiencias y fomentar el debate y el di\u00e1logo\u201d.<\/p>\n","protected":false},"excerpt":{"rendered":"<p>Santander, 29 de marzo del 2022. La Fundaci\u00f3n Matilde de la Torre celebra una nueva mesa redonda bajo el t\u00edtulo; \u201cAutonom\u00eda y panorama cultural\u201d dentro de las actividades organizadas por el 40 aniversario del Estatuto de Autonom\u00eda de Cantabria. Una cita abierta a toda la ciudadan\u00eda que tendr\u00e1 lugar este mi\u00e9rcoles, 30 de marzo a [&hellip;]<\/p>\n","protected":false},"author":2,"featured_media":6710,"comment_status":"open","ping_status":"closed","sticky":false,"template":"","format":"standard","meta":{"tdm_status":"","tdm_grid_status":"","footnotes":""},"categories":[14,24,25],"tags":[],"class_list":["post-6723","post","type-post","status-publish","format-standard","has-post-thumbnail","hentry","category-notas-de-prensa","category-partido","category-actualidad"],"_links":{"self":[{"href":"https:\/\/www.psc-psoe.es\/index.php\/wp-json\/wp\/v2\/posts\/6723","targetHints":{"allow":["GET"]}}],"collection":[{"href":"https:\/\/www.psc-psoe.es\/index.php\/wp-json\/wp\/v2\/posts"}],"about":[{"href":"https:\/\/www.psc-psoe.es\/index.php\/wp-json\/wp\/v2\/types\/post"}],"author":[{"embeddable":true,"href":"https:\/\/www.psc-psoe.es\/index.php\/wp-json\/wp\/v2\/users\/2"}],"replies":[{"embeddable":true,"href":"https:\/\/www.psc-psoe.es\/index.php\/wp-json\/wp\/v2\/comments?post=6723"}],"version-history":[{"count":0,"href":"https:\/\/www.psc-psoe.es\/index.php\/wp-json\/wp\/v2\/posts\/6723\/revisions"}],"wp:featuredmedia":[{"embeddable":true,"href":"https:\/\/www.psc-psoe.es\/index.php\/wp-json\/wp\/v2\/media\/6710"}],"wp:attachment":[{"href":"https:\/\/www.psc-psoe.es\/index.php\/wp-json\/wp\/v2\/media?parent=6723"}],"wp:term":[{"taxonomy":"category","embeddable":true,"href":"https:\/\/www.psc-psoe.es\/index.php\/wp-json\/wp\/v2\/categories?post=6723"},{"taxonomy":"post_tag","embeddable":true,"href":"https:\/\/www.psc-psoe.es\/index.php\/wp-json\/wp\/v2\/tags?post=6723"}],"curies":[{"name":"wp","href":"https:\/\/api.w.org\/{rel}","templated":true}]}}