{"id":6466,"date":"2021-11-13T18:00:04","date_gmt":"2021-11-13T17:00:04","guid":{"rendered":"https:\/\/www.psc-psoe.es\/?p=6466"},"modified":"2021-11-13T18:00:04","modified_gmt":"2021-11-13T17:00:04","slug":"pablo-zuloaga-hemos-recuperado-la-fundacion-matilde-de-la-torre-una-herramienta-del-psoe-de-cantabria-para-abrir-debates-y-formar-a-nuestra-militancia","status":"publish","type":"post","link":"https:\/\/www.psc-psoe.es\/index.php\/2021\/11\/13\/pablo-zuloaga-hemos-recuperado-la-fundacion-matilde-de-la-torre-una-herramienta-del-psoe-de-cantabria-para-abrir-debates-y-formar-a-nuestra-militancia\/","title":{"rendered":"Pablo Zuloaga: \u201cHemos recuperado la Fundaci\u00f3n Matilde de la Torre, una herramienta del PSOE de Cantabria para abrir debates y formar a nuestra militancia\u201d"},"content":{"rendered":"<p><strong>Santander, 12 de noviembre del 2021.<\/strong>\u00a0En su octavo d\u00eda de campa\u00f1a de informaci\u00f3n, Pablo Zuloaga ha mantenido un encuentro con la militancia de la Agrupaci\u00f3n Socialista de Santander, en la sede de las y los socialistas c\u00e1ntabros en la capital c\u00e1ntabra.<\/p>\n<p>El candidato a la Secretar\u00eda General del PSOE de Cantabria ha anunciado que \u201ccuatro a\u00f1os despu\u00e9s, hemos recuperado la Fundaci\u00f3n Matilde de la Torre, una herramienta de nuestro partido para abrir debates y formar a nuestra militancia. A su juicio, \u201cesta fundaci\u00f3n es patrimonio del PSOE\u201d, ha resaltado.<\/p>\n<p>En este punto se ha detenido para insistir que \u201clos y las socialistas, durante este tiempo, hemos hecho aquello que dijimos que \u00edbamos hacer y hemos cumplido muchos de nuestros retos y objetivos\u201d. Porque, ha asegurado, \u201cel PSOE de Cantabria no es el mismo en el a\u00f1o 2021 que en el a\u00f1o 2017 y lo demostramos con hechos, creciendo en militancia, siendo m\u00e1s alcaldes y alcaldesas, m\u00e1s concejales y concejalas y m\u00e1s diputados y diputadas en el Parlamento regional\u201d.<\/p>\n<p><strong>\u201cTenemos que seguir construyendo este partido siendo cada vez m\u00e1s\u201d<\/strong><\/p>\n<p>Y esa precisamente \u201ces la v\u00eda a seguir\u201d. A su juicio, \u201ctenemos que seguir construyendo este partido siendo cada vez m\u00e1s los y las que formamos parte de \u00e9l, porque si al PSOE de Cantabria le va bien, tambi\u00e9n le ir\u00e1 bien a Santander o Santa Cruz de Bezana\u201d.<\/p>\n<p>Por ello, ha destacado, \u201clas y los socialistas c\u00e1ntabros debemos estar en los municipios que gobernamos, pero sobre todo en los que no lo hacemos\u201d. Precisamente ah\u00ed, ha afirmado, \u201ces donde m\u00e1s nos hemos esforzado estos cuatro a\u00f1os, arropando y respaldado donde m\u00e1s fr\u00edo hace que es la oposici\u00f3n como en Santander, donde no pudimos gobernar y d\u00f3nde hay que seguir creciendo para poder lograrlo en 2023\u201d. En Santander, \u201cuna ciudad en la que pasamos de las palabras a los hechos para que el hospital Valdecilla cuente con una unidad de protonterapia, con una nueva sede del Museo de Arqueolog\u00eda y Prehistoria de Cantabria o con Universidad de Cantabria bien financiada\u201d.<\/p>\n<p>A partir de ahora, ha dicho, \u201cqueda mucho trabajo por delante y en ese esfuerzo tenemos que estar unidos y unidas\u201d. Porque solo as\u00ed, ha manifestado, \u201cla gente seguir\u00e1 viendo nuestras siglas como la herramienta para resolver los problemas\u201d.<\/p>\n<p>\u201cHemos estado en Nissan, Solvay, SEG Automotive o Equipos Nucleares, todas ellas empresas importantes para Cantabria en las que hemos estado para ayudarles a resolver sus problemas. Ese es nuestro camino, esos son\u00a0nuestros valores\u201d, ha reiterado.<\/p>\n<p>Finalmente, Pablo Zuloaga ha asegurado que \u201cmi compromiso ahora es seguir trabajando para que el partido crezca, porque el liderazgo del PSOE se siente en la ciudadan\u00eda\u201d. Ahora, ha concluido, \u201ctenemos que seguir trabajando en nuestro proyecto, en la conferencia pol\u00edtica que desarrollaremos en 2023, con la responsabilidad como militantes, de ser part\u00edcipes de ello\u201d.<\/p>\n","protected":false},"excerpt":{"rendered":"<p>Santander, 12 de noviembre del 2021.\u00a0En su octavo d\u00eda de campa\u00f1a de informaci\u00f3n, Pablo Zuloaga ha mantenido un encuentro con la militancia de la Agrupaci\u00f3n Socialista de Santander, en la sede de las y los socialistas c\u00e1ntabros en la capital c\u00e1ntabra. El candidato a la Secretar\u00eda General del PSOE de Cantabria ha anunciado que \u201ccuatro [&hellip;]<\/p>\n","protected":false},"author":2,"featured_media":6467,"comment_status":"open","ping_status":"closed","sticky":false,"template":"","format":"standard","meta":{"tdm_status":"","tdm_grid_status":"","footnotes":""},"categories":[406,405],"tags":[],"class_list":["post-6466","post","type-post","status-publish","format-standard","has-post-thumbnail","hentry","category-precandidato-pablo-zuloaga","category-primarias-2021"],"_links":{"self":[{"href":"https:\/\/www.psc-psoe.es\/index.php\/wp-json\/wp\/v2\/posts\/6466","targetHints":{"allow":["GET"]}}],"collection":[{"href":"https:\/\/www.psc-psoe.es\/index.php\/wp-json\/wp\/v2\/posts"}],"about":[{"href":"https:\/\/www.psc-psoe.es\/index.php\/wp-json\/wp\/v2\/types\/post"}],"author":[{"embeddable":true,"href":"https:\/\/www.psc-psoe.es\/index.php\/wp-json\/wp\/v2\/users\/2"}],"replies":[{"embeddable":true,"href":"https:\/\/www.psc-psoe.es\/index.php\/wp-json\/wp\/v2\/comments?post=6466"}],"version-history":[{"count":0,"href":"https:\/\/www.psc-psoe.es\/index.php\/wp-json\/wp\/v2\/posts\/6466\/revisions"}],"wp:featuredmedia":[{"embeddable":true,"href":"https:\/\/www.psc-psoe.es\/index.php\/wp-json\/wp\/v2\/media\/6467"}],"wp:attachment":[{"href":"https:\/\/www.psc-psoe.es\/index.php\/wp-json\/wp\/v2\/media?parent=6466"}],"wp:term":[{"taxonomy":"category","embeddable":true,"href":"https:\/\/www.psc-psoe.es\/index.php\/wp-json\/wp\/v2\/categories?post=6466"},{"taxonomy":"post_tag","embeddable":true,"href":"https:\/\/www.psc-psoe.es\/index.php\/wp-json\/wp\/v2\/tags?post=6466"}],"curies":[{"name":"wp","href":"https:\/\/api.w.org\/{rel}","templated":true}]}}