{"id":6215,"date":"2021-10-11T12:21:35","date_gmt":"2021-10-11T11:21:35","guid":{"rendered":"https:\/\/www.psc-psoe.es\/?p=6215"},"modified":"2021-10-11T12:21:35","modified_gmt":"2021-10-11T11:21:35","slug":"el-psoe-saca-adelante-la-iniciativa-parlamentaria-contra-las-agresiones-al-colectivo-lgtbi","status":"publish","type":"post","link":"https:\/\/www.psc-psoe.es\/index.php\/2021\/10\/11\/el-psoe-saca-adelante-la-iniciativa-parlamentaria-contra-las-agresiones-al-colectivo-lgtbi\/","title":{"rendered":"El PSOE saca adelante la iniciativa parlamentaria contra las agresiones al colectivo LGTBI"},"content":{"rendered":"<p><strong>Santander, 11 de octubre de 2021<\/strong>. La portavoz parlamentaria socialista y secretaria de Organizaci\u00f3n del PSOE Cantabria, Noelia Cobo, se ha felicitado por la aprobaci\u00f3n de la iniciativa socialista reflejando el compromiso de la c\u00e1mara regional con los derechos de las personas LGTBI y con la erradicaci\u00f3n de cualquier tipo de violencia hacia este colectivo.<\/p>\n<p>La diputada socialista ha criticado la postura adoptada por el Partido Popular, que se ha abstenido, y del Grupo Mixto, que ha votado en contra. \u201cYa imagin\u00e1bamos que la ultraderecha se opondr\u00eda a cualquier iniciativa que reconozca la existencia de la violencia contra el colectivo LGBTI y la condena, pero es inaceptable que el PP se ponga de perfil ante una problem\u00e1tica que seg\u00fan todos los datos disponibles, ha aumentado de manera preocupante en los \u00faltimo meses\u201d, ha se\u00f1alado.<\/p>\n<p>Para Cobo, el PP y VOX se han \u201cretratado\u201d esta ma\u00f1ana en el pleno utilizando \u201clas excusas habituales en la derecha\u201d para no condenar las agresiones a las personas que \u201cviven, sienten y aman de manera diferente a la suya\u201d.<\/p>\n<p>Seg\u00fan la portavoz socialista, junto a los que practican los discursos del odio y junto a quienes los fomentan, inspiran, practican o amparan, est\u00e1n tambi\u00e9n quienes \u201cles blanquean esos discursos desde la irresponsabilidad que supone no apagar un incendio al primer atisbo de fuego o mirar hacia otro lado cuando se divisa el humo\u201d. \u201cLas alianzas pol\u00edticas no deben sobreponerse a los derechos de todas y todos los ciudadanos de este pa\u00eds\u201d, ha sentenciado.<\/p>\n<p>La diputada del PSOE Cantabria ha explicado tambi\u00e9n que en un pa\u00eds democr\u00e1tico, los discursos de odio, y en especial las agresiones hacia el colectivo LGTBI no pueden tener ninguna cabida y ha comprometido la lucha de su partido para lograr la erradicaci\u00f3n de las discriminaciones, ataques y actos de violencia que a d\u00eda de hoy siguen sufriendo estas personas.<\/p>\n<p>Por \u00faltimo, Noelia Cobo ha defendido la toma de conciencia de las personas miembros de la sociedad, la educaci\u00f3n a todos los niveles, la tolerancia como estrategia pol\u00edtica y social y una regulaci\u00f3n exhaustiva e integral como ejes fundamentales para luchar de manera eficaz para que los actos de discriminaci\u00f3n y de odio no queden impunes.<\/p>\n","protected":false},"excerpt":{"rendered":"<p>Santander, 11 de octubre de 2021. La portavoz parlamentaria socialista y secretaria de Organizaci\u00f3n del PSOE Cantabria, Noelia Cobo, se ha felicitado por la aprobaci\u00f3n de la iniciativa socialista reflejando el compromiso de la c\u00e1mara regional con los derechos de las personas LGTBI y con la erradicaci\u00f3n de cualquier tipo de violencia hacia este colectivo. [&hellip;]<\/p>\n","protected":false},"author":2,"featured_media":6216,"comment_status":"open","ping_status":"closed","sticky":false,"template":"","format":"standard","meta":{"tdm_status":"","tdm_grid_status":"","footnotes":""},"categories":[14,24,25],"tags":[],"class_list":["post-6215","post","type-post","status-publish","format-standard","has-post-thumbnail","hentry","category-notas-de-prensa","category-partido","category-actualidad"],"_links":{"self":[{"href":"https:\/\/www.psc-psoe.es\/index.php\/wp-json\/wp\/v2\/posts\/6215","targetHints":{"allow":["GET"]}}],"collection":[{"href":"https:\/\/www.psc-psoe.es\/index.php\/wp-json\/wp\/v2\/posts"}],"about":[{"href":"https:\/\/www.psc-psoe.es\/index.php\/wp-json\/wp\/v2\/types\/post"}],"author":[{"embeddable":true,"href":"https:\/\/www.psc-psoe.es\/index.php\/wp-json\/wp\/v2\/users\/2"}],"replies":[{"embeddable":true,"href":"https:\/\/www.psc-psoe.es\/index.php\/wp-json\/wp\/v2\/comments?post=6215"}],"version-history":[{"count":0,"href":"https:\/\/www.psc-psoe.es\/index.php\/wp-json\/wp\/v2\/posts\/6215\/revisions"}],"wp:featuredmedia":[{"embeddable":true,"href":"https:\/\/www.psc-psoe.es\/index.php\/wp-json\/wp\/v2\/media\/6216"}],"wp:attachment":[{"href":"https:\/\/www.psc-psoe.es\/index.php\/wp-json\/wp\/v2\/media?parent=6215"}],"wp:term":[{"taxonomy":"category","embeddable":true,"href":"https:\/\/www.psc-psoe.es\/index.php\/wp-json\/wp\/v2\/categories?post=6215"},{"taxonomy":"post_tag","embeddable":true,"href":"https:\/\/www.psc-psoe.es\/index.php\/wp-json\/wp\/v2\/tags?post=6215"}],"curies":[{"name":"wp","href":"https:\/\/api.w.org\/{rel}","templated":true}]}}