{"id":6143,"date":"2021-09-22T12:29:16","date_gmt":"2021-09-22T11:29:16","guid":{"rendered":"https:\/\/www.psc-psoe.es\/?p=6143"},"modified":"2021-09-22T12:29:56","modified_gmt":"2021-09-22T11:29:56","slug":"el-secretario-general-del-psoe-de-cantabria-mantiene-un-encuentro-con-los-socialistas-de-polanco","status":"publish","type":"post","link":"https:\/\/www.psc-psoe.es\/index.php\/2021\/09\/22\/el-secretario-general-del-psoe-de-cantabria-mantiene-un-encuentro-con-los-socialistas-de-polanco\/","title":{"rendered":"El secretario general del PSOE de Cantabria mantiene un encuentro con los socialistas de Polanco"},"content":{"rendered":"<p>El secretario general del PSOE de Cantabria y vicepresidente auton\u00f3mico, Pablo Zuloaga, ha destacado el \u201cpapel activo\u201d que tiene el Grupo Municipal Socialista en el Ayuntamiento de Polanco y ha se\u00f1alado\u00a0que \u201cpese a ser el principal grupo de la oposici\u00f3n viene avalado por una trayectoria comprometida con las necesidades del municipio y sus vecinos, llevando a cabo una labor constructiva e intensa\u201d.<\/p>\n<p>As\u00ed se ha manifestado Zuloaga tras la reuni\u00f3n mantenida con la agrupaci\u00f3n local, en la que se ha hecho balance de la legislatura transcurrida, y en donde ha puesto de relieve las aportaciones y propuestas que el PSOE ha hecho en la corporaci\u00f3n, como la creaci\u00f3n de un Centro de D\u00eda, la implantaci\u00f3n de la escuela de cero a dos a\u00f1os, transporte escolar, las medidas preventivas frente a la pandemia, la ampliaci\u00f3n de horarios de autob\u00fas o la creaci\u00f3n del cuerpo de la Polic\u00eda Local.<\/p>\n<p>Tras una evaluaci\u00f3n altamente positiva de la labor del PSOE en Polanco a lo largo de la presente legislatura, el l\u00edder de los socialistas c\u00e1ntabros ha manifestado que \u201ces oportuno y necesario\u201d continuar con la l\u00ednea de trabajo marcada por la agrupaci\u00f3n municipal, con la cual, ha continuado, \u201cnos sentimos muy satisfechos\u201d.<\/p>\n<p>\u201cEstamos seguros de que su esfuerzo, dedicaci\u00f3n y buen hacer seguir\u00e1n mejorando la vida de los vecinos y vecinas de Polanco\u201d, ha concluido.<\/p>\n","protected":false},"excerpt":{"rendered":"<p>El secretario general del PSOE de Cantabria y vicepresidente auton\u00f3mico, Pablo Zuloaga, ha destacado el \u201cpapel activo\u201d que tiene el Grupo Municipal Socialista en el Ayuntamiento de Polanco y ha se\u00f1alado\u00a0que \u201cpese a ser el principal grupo de la oposici\u00f3n viene avalado por una trayectoria comprometida con las necesidades del municipio y sus vecinos, llevando [&hellip;]<\/p>\n","protected":false},"author":2,"featured_media":6145,"comment_status":"open","ping_status":"closed","sticky":false,"template":"","format":"standard","meta":{"tdm_status":"","tdm_grid_status":"","footnotes":""},"categories":[33,6],"tags":[],"class_list":["post-6143","post","type-post","status-publish","format-standard","has-post-thumbnail","hentry","category-besaya","category-agrupaciones"],"_links":{"self":[{"href":"https:\/\/www.psc-psoe.es\/index.php\/wp-json\/wp\/v2\/posts\/6143","targetHints":{"allow":["GET"]}}],"collection":[{"href":"https:\/\/www.psc-psoe.es\/index.php\/wp-json\/wp\/v2\/posts"}],"about":[{"href":"https:\/\/www.psc-psoe.es\/index.php\/wp-json\/wp\/v2\/types\/post"}],"author":[{"embeddable":true,"href":"https:\/\/www.psc-psoe.es\/index.php\/wp-json\/wp\/v2\/users\/2"}],"replies":[{"embeddable":true,"href":"https:\/\/www.psc-psoe.es\/index.php\/wp-json\/wp\/v2\/comments?post=6143"}],"version-history":[{"count":0,"href":"https:\/\/www.psc-psoe.es\/index.php\/wp-json\/wp\/v2\/posts\/6143\/revisions"}],"wp:featuredmedia":[{"embeddable":true,"href":"https:\/\/www.psc-psoe.es\/index.php\/wp-json\/wp\/v2\/media\/6145"}],"wp:attachment":[{"href":"https:\/\/www.psc-psoe.es\/index.php\/wp-json\/wp\/v2\/media?parent=6143"}],"wp:term":[{"taxonomy":"category","embeddable":true,"href":"https:\/\/www.psc-psoe.es\/index.php\/wp-json\/wp\/v2\/categories?post=6143"},{"taxonomy":"post_tag","embeddable":true,"href":"https:\/\/www.psc-psoe.es\/index.php\/wp-json\/wp\/v2\/tags?post=6143"}],"curies":[{"name":"wp","href":"https:\/\/api.w.org\/{rel}","templated":true}]}}