{"id":5986,"date":"2021-05-01T09:55:06","date_gmt":"2021-05-01T08:55:06","guid":{"rendered":"https:\/\/www.psc-psoe.es\/?p=5986"},"modified":"2021-05-01T09:55:06","modified_gmt":"2021-05-01T08:55:06","slug":"pablo-zuloaga-este-1o-de-mayo-mas-que-nunca-debemos-reivindicar-los-derechos-de-los-trabajadores-y-la-importancia-del-dialogo-social-para-terminar-con-la-precariedad-laboral","status":"publish","type":"post","link":"https:\/\/www.psc-psoe.es\/index.php\/2021\/05\/01\/pablo-zuloaga-este-1o-de-mayo-mas-que-nunca-debemos-reivindicar-los-derechos-de-los-trabajadores-y-la-importancia-del-dialogo-social-para-terminar-con-la-precariedad-laboral\/","title":{"rendered":"Pablo Zuloaga: \u201cEste 1\u00ba de mayo, m\u00e1s que nunca, debemos reivindicar los derechos de los trabajadores y la importancia del di\u00e1logo social para terminar con la precariedad laboral\u201d"},"content":{"rendered":"<p><strong>Santander, 1 de mayo del 2021.<\/strong> El secretario general del PSOE de Cantabria y vicepresidente del Gobierno, Pablo Zuloaga, ha asegurado que \u201choy m\u00e1s que nunca debemos reivindicar los derechos de los trabajadores y trabajadoras y la importancia del di\u00e1logo social para terminar con la precariedad, la desigualdad y la pobreza laboral\u201d.<\/p>\n<p>Zuloaga ha se\u00f1alado que este 1\u00ba de mayo, D\u00eda Internacional del Trabajo, el segundo que vivimos en este contexto de pandemia, \u201cser\u00e1 diferente al del a\u00f1o pasado\u201d ya que ha dicho, \u201cvemos como controlamos el avance del coronavirus gracias a la campa\u00f1a de vacunaci\u00f3n\u201d cuyo objetivo principal en Cantabria y en Espa\u00f1a es \u201csalvar vidas\u201d.<\/p>\n<p>En su opini\u00f3n, \u201cla labor de los profesionales sanitarios desde los hospitales, los centros de salud y la residencias a los que hoy tambi\u00e9n reconocemos y homenajeamos por llevar m\u00e1s de un a\u00f1o en la primera l\u00ednea combatiendo al virus, nos permite ahora pensar en como iniciar la recuperaci\u00f3n econ\u00f3mica, la reactivaci\u00f3n de empleo y la transformaci\u00f3n de nuestro modelo productivo\u201d.<\/p>\n<p>Y para ello, ha dicho, \u201cdebemos aprovechar la oportunidad que nos ofrecen los fondos europeos que traer\u00e1n a nuestro pa\u00eds m\u00e1s de 140.000 millones de euros\u201d. Unos fondos, ha continuado, \u201cque adem\u00e1s nos permitan romper con las brechas que lastran la econom\u00eda de Cantabria y avanzar en la senda de la digitalizaci\u00f3n y la sostenibilidad\u201d.<\/p>\n<p><strong>Acuerdos en el seno del di\u00e1logo social<\/strong><\/p>\n<p>El l\u00edder de los socialistas c\u00e1ntabros ha se\u00f1alado que este Primero de Mayo tiene que servir para \u201creivindicar los empleos de calidad, la igualdad salarial entre mujeres y hombres, unas pensiones dignas y luchar para terminar con las brechas que sufren las mujeres y los j\u00f3venes a la hora de acceder al mercado laboral\u201d. A su juicio, \u201csolo si logramos estos objetivos avancemos hacia una Cantabria m\u00e1s justa\u201d.<\/p>\n<p>En este sentido, ha remarcado \u201cla capacidad de acuerdo entre el Gobierno regional, los sindicatos y la patronal que ha permitido que en nuestra comunidad hayamos alcanzado dos acuerdos en el seno de la Mesa del Di\u00e1logo Social fundamentales para la defensa de los derechos de los trabajadores y el mantenimiento y la creaci\u00f3n de empleo\u201d en estos momentos de pandemia. \u201cUn paso importante y clave en un camino en el que necesitamos unidad\u201d, ha declarado.<\/p>\n<p><strong>Medidas impulsadas por el gobierno de S\u00e1nchez<\/strong><\/p>\n<p>Asimismo, el vicepresidente auton\u00f3mico ha destacado \u201clas medidas que ha puesto en marcha el gobierno de Pedro S\u00e1nchez para paliar las consecuencias del coronavirus en Espa\u00f1a como \u201cla figura de los ERTEs, la puesta en marcha del Ingreso M\u00ednimo Vital, la paralizaci\u00f3n de los desahucios, la pr\u00f3rroga de los contratos de arrendamiento o las moratorias en los alquileres\u201d.<\/p>\n<p>\u201cEsto demuestra que durante todo este tiempo el objetivo principal en la acci\u00f3n del gobierno de S\u00e1nchez ha sido que nadie se quede atr\u00e1s\u201d, ha insistido.<\/p>\n<p>Finalmente, Pablo Zuloaga, ha hecho un llamamiento a \u201cseguir trabajando para salir fortalecidos de la crisis social, proteger el empleo y mirar con esperanza a los fondos europeos de recuperaci\u00f3n\u201d.<\/p>\n","protected":false},"excerpt":{"rendered":"<p>Santander, 1 de mayo del 2021. El secretario general del PSOE de Cantabria y vicepresidente del Gobierno, Pablo Zuloaga, ha asegurado que \u201choy m\u00e1s que nunca debemos reivindicar los derechos de los trabajadores y trabajadoras y la importancia del di\u00e1logo social para terminar con la precariedad, la desigualdad y la pobreza laboral\u201d. Zuloaga ha se\u00f1alado [&hellip;]<\/p>\n","protected":false},"author":2,"featured_media":5987,"comment_status":"open","ping_status":"closed","sticky":false,"template":"","format":"standard","meta":{"tdm_status":"","tdm_grid_status":"","footnotes":""},"categories":[14,25],"tags":[],"class_list":["post-5986","post","type-post","status-publish","format-standard","has-post-thumbnail","hentry","category-notas-de-prensa","category-actualidad"],"_links":{"self":[{"href":"https:\/\/www.psc-psoe.es\/index.php\/wp-json\/wp\/v2\/posts\/5986","targetHints":{"allow":["GET"]}}],"collection":[{"href":"https:\/\/www.psc-psoe.es\/index.php\/wp-json\/wp\/v2\/posts"}],"about":[{"href":"https:\/\/www.psc-psoe.es\/index.php\/wp-json\/wp\/v2\/types\/post"}],"author":[{"embeddable":true,"href":"https:\/\/www.psc-psoe.es\/index.php\/wp-json\/wp\/v2\/users\/2"}],"replies":[{"embeddable":true,"href":"https:\/\/www.psc-psoe.es\/index.php\/wp-json\/wp\/v2\/comments?post=5986"}],"version-history":[{"count":0,"href":"https:\/\/www.psc-psoe.es\/index.php\/wp-json\/wp\/v2\/posts\/5986\/revisions"}],"wp:featuredmedia":[{"embeddable":true,"href":"https:\/\/www.psc-psoe.es\/index.php\/wp-json\/wp\/v2\/media\/5987"}],"wp:attachment":[{"href":"https:\/\/www.psc-psoe.es\/index.php\/wp-json\/wp\/v2\/media?parent=5986"}],"wp:term":[{"taxonomy":"category","embeddable":true,"href":"https:\/\/www.psc-psoe.es\/index.php\/wp-json\/wp\/v2\/categories?post=5986"},{"taxonomy":"post_tag","embeddable":true,"href":"https:\/\/www.psc-psoe.es\/index.php\/wp-json\/wp\/v2\/tags?post=5986"}],"curies":[{"name":"wp","href":"https:\/\/api.w.org\/{rel}","templated":true}]}}