{"id":5944,"date":"2021-03-17T19:40:55","date_gmt":"2021-03-17T18:40:55","guid":{"rendered":"https:\/\/www.psc-psoe.es\/?p=5944"},"modified":"2021-03-17T19:40:55","modified_gmt":"2021-03-17T18:40:55","slug":"el-psoe-considera-que-la-ley-de-memoria-historica-y-democratica-de-cantabria-debe-ser-garante-de-derechos-recuperando-el-testimonio-de-a-quienes-se-les-arrebato-la-voz","status":"publish","type":"post","link":"https:\/\/www.psc-psoe.es\/index.php\/2021\/03\/17\/el-psoe-considera-que-la-ley-de-memoria-historica-y-democratica-de-cantabria-debe-ser-garante-de-derechos-recuperando-el-testimonio-de-a-quienes-se-les-arrebato-la-voz\/","title":{"rendered":"El PSOE considera que la Ley de Memoria Hist\u00f3rica y Democr\u00e1tica de Cantabria \u201cdebe ser garante de derechos, recuperando el testimonio de a quienes se les arrebat\u00f3 la voz\u201d"},"content":{"rendered":"<p><strong>Santander, 17 de marzo del 2021.<\/strong> El secretario general del PSOE Cantabria y vicepresidente auton\u00f3mico, Pablo Zuloaga, ha asegurado que la Ley de Memoria Hist\u00f3rica y Democr\u00e1tica de Cantabria \u201cdebe ser garante de derechos, recuperando el testimonio de a quienes se les arrebat\u00f3 la voz\u201d. El objetivo, ha resaltado es que \u201cesta norma sea una realidad lo antes posible\u201d.<\/p>\n<p>As\u00ed se ha manifestado Zuloaga durante el acto que el PSOE de Cantabria ha celebrado este mi\u00e9rcoles sobre \u201cMemoria Hist\u00f3rica y Democr\u00e1tica\u201d y en el que han participado el Secretario de Justicia, Libertades y Nuevos Derechos del PSOE y Embajador Delegado Permanente de Espa\u00f1a en la Unesco, Andr\u00e9s Perell\u00f3, la secretaria de Organizaci\u00f3n y portavoz del Grupo Parlamentario Socialista, Noelia Cobo y la directora general de Patrimonio Cultural y Memoria Hist\u00f3rica del Gobierno de Cantabria, Zoraida Hijosa.<\/p>\n<p>El acto, se ha celebrado coincidiendo con el inicio en el Parlamento c\u00e1ntabro de las comparecencias de expertos en Comisi\u00f3n dentro de la elaboraci\u00f3n y tramitaci\u00f3n del proyecto de Ley de Memoria Hist\u00f3rica, que tendr\u00e1n lugar hasta el pr\u00f3ximo 14 de abril.<\/p>\n<p>El l\u00edder de los socialistas c\u00e1ntabros ha se\u00f1alado que la ley de Memoria Hist\u00f3rica y Democr\u00e1tica de Cantabria \u201cavanza a buen ritmo y de forma positiva\u201d, gracias y principalmente, ha dicho, \u201cal trabajo, al esfuerzo progresista y memorialista del PSOE en el Gobierno y en las instituciones c\u00e1ntabras por hacer posible una norma esperada por muchas familias durante d\u00e9cadas\u201d.<\/p>\n<p>En su opini\u00f3n, esta ley \u201csupondr\u00e1 una nueva hoja de ruta para la b\u00fasqueda de la verdad, la justicia y la reparaci\u00f3n de los da\u00f1os que pudieran sufrir las v\u00edctimas de la Guerra Civil y de la dictadura que lucharon por la libertad y la democracia\u201d. Una norma, \u201cque nos ayudar\u00e1 a cerrar heridas de nuestra historia que siguen doliendo y todav\u00eda no han cicatrizado\u201d.<\/p>\n<p>El dirigente socialista ha llamado a que sea una norma \u201crespaldada por todos\u201d porque \u201cen el proceso de desarrollo de la ley, se han implicado tambi\u00e9n y de manera muy principal las asociaciones de memoria hist\u00f3rica, la sociedad civil y los colectivos\u201d.<\/p>\n<p>\u201cCantabria necesita esta ley, que nos permitir\u00e1 construir un futuro diferente. Es una norma imprescindible y tiene que salir adelante con el mayor apoyo\u201d, ha subrayado.<\/p>\n<p>Por su parte, Andr\u00e9s Perell\u00f3 ha asegurado que \u201cel tronco incuestionable del anteproyecto de ley de Memoria Hist\u00f3rica y Democr\u00e1tica de Cantabria descansa en el Derecho Internacional Humanitario y en los derechos humanos\u201d.<\/p>\n<p>\u201cLa Ley de Memoria Hist\u00f3rica de Cantabria est\u00e1 muy bien planteada, muy bien estudiada y entroncada en la ley de 2007 del gobierno de Jos\u00e9 Luis Rodr\u00edguez Zapatero\u201d, ha reiterado el Secretario de Justicia, Libertades y Nuevos Derechos del PSOE.<\/p>\n<p>Por otro lado, Noelia Cobo, ha sostenido que \u201cen Cantabria estamos avanzando desde el Parlamento en los tr\u00e1mites que deben culminar este a\u00f1o con la aprobaci\u00f3n de la Ley de Memoria Hist\u00f3rica y Democr\u00e1tica\u201d. Unos tr\u00e1mites parlamentarios, ha declarado, \u201cque avanzan con el impulso del PSOE y la derecha haciendo todo lo posible por ir obstaculizando este proceso\u201d.<\/p>\n<p>En palabras de la n\u00famero dos de los socialistas c\u00e1ntabros \u201cla memoria hist\u00f3rica no es una cuesti\u00f3n de ideolog\u00eda, es una cuesti\u00f3n de humanidad\u201d.<\/p>\n<p>Finalmente, Zoraida Hijosa ha recordado que \u201cla creaci\u00f3n de la Direcci\u00f3n General de Patrimonio Cultural y Memoria Hist\u00f3rica, promesa electoral que se integraba en el programa de Pablo Zuloaga y que el PSOE defendi\u00f3, ha supuesto contar con el sujeto institucional encargado de desarrollar pol\u00edticas de memoria en nuestra comunidad aut\u00f3noma\u201d. \u201cEsta nueva ley configurar\u00e1 el \u00e1mbito de las actuaciones, otorga unidad y sentido a estas pol\u00edticas p\u00fablicas y contribuye a reforzar su seguridad jur\u00eddica\u201d, ha concluido la socialista.<\/p>\n","protected":false},"excerpt":{"rendered":"<p>Santander, 17 de marzo del 2021. El secretario general del PSOE Cantabria y vicepresidente auton\u00f3mico, Pablo Zuloaga, ha asegurado que la Ley de Memoria Hist\u00f3rica y Democr\u00e1tica de Cantabria \u201cdebe ser garante de derechos, recuperando el testimonio de a quienes se les arrebat\u00f3 la voz\u201d. El objetivo, ha resaltado es que \u201cesta norma sea una [&hellip;]<\/p>\n","protected":false},"author":2,"featured_media":5945,"comment_status":"open","ping_status":"closed","sticky":false,"template":"","format":"standard","meta":{"tdm_status":"","tdm_grid_status":"","footnotes":""},"categories":[14,24,25],"tags":[],"class_list":["post-5944","post","type-post","status-publish","format-standard","has-post-thumbnail","hentry","category-notas-de-prensa","category-partido","category-actualidad"],"_links":{"self":[{"href":"https:\/\/www.psc-psoe.es\/index.php\/wp-json\/wp\/v2\/posts\/5944","targetHints":{"allow":["GET"]}}],"collection":[{"href":"https:\/\/www.psc-psoe.es\/index.php\/wp-json\/wp\/v2\/posts"}],"about":[{"href":"https:\/\/www.psc-psoe.es\/index.php\/wp-json\/wp\/v2\/types\/post"}],"author":[{"embeddable":true,"href":"https:\/\/www.psc-psoe.es\/index.php\/wp-json\/wp\/v2\/users\/2"}],"replies":[{"embeddable":true,"href":"https:\/\/www.psc-psoe.es\/index.php\/wp-json\/wp\/v2\/comments?post=5944"}],"version-history":[{"count":0,"href":"https:\/\/www.psc-psoe.es\/index.php\/wp-json\/wp\/v2\/posts\/5944\/revisions"}],"wp:featuredmedia":[{"embeddable":true,"href":"https:\/\/www.psc-psoe.es\/index.php\/wp-json\/wp\/v2\/media\/5945"}],"wp:attachment":[{"href":"https:\/\/www.psc-psoe.es\/index.php\/wp-json\/wp\/v2\/media?parent=5944"}],"wp:term":[{"taxonomy":"category","embeddable":true,"href":"https:\/\/www.psc-psoe.es\/index.php\/wp-json\/wp\/v2\/categories?post=5944"},{"taxonomy":"post_tag","embeddable":true,"href":"https:\/\/www.psc-psoe.es\/index.php\/wp-json\/wp\/v2\/tags?post=5944"}],"curies":[{"name":"wp","href":"https:\/\/api.w.org\/{rel}","templated":true}]}}