{"id":5930,"date":"2021-02-26T18:45:33","date_gmt":"2021-02-26T17:45:33","guid":{"rendered":"https:\/\/www.psc-psoe.es\/?p=5930"},"modified":"2021-02-26T18:46:10","modified_gmt":"2021-02-26T17:46:10","slug":"el-psoe-de-cantabria-anima-a-movilizarse-el-8m-desde-las-redes-sociales-medios-comunicacion-o-balcones","status":"publish","type":"post","link":"https:\/\/www.psc-psoe.es\/index.php\/2021\/02\/26\/el-psoe-de-cantabria-anima-a-movilizarse-el-8m-desde-las-redes-sociales-medios-comunicacion-o-balcones\/","title":{"rendered":"El PSOE de Cantabria anima a movilizarse el 8M desde las redes sociales, medios comunicaci\u00f3n o balcones"},"content":{"rendered":"<p>Dentro de muy poco tiempo celebraremos el 8 de marzo, D\u00eda Internacional de la Mujer, un d\u00eda importante para el PSOE de Cantabria en el que reivindicamos la defensa de los derechos de las mujeres. No obstante, y aunque se trata de una fecha marcada en nuestro calendario, este a\u00f1o lo celebraremos de una forma diferente debido a la situaci\u00f3n sanitaria que atravesamos a causa de la pandemia del coronavirus.<\/p>\n<p>Desde el PSOE de Cantabria, y tal y como ha manifestado nuestro secretario general y vicepresidente auton\u00f3mico, Pablo Zuloaga, consideramos que no es momento de inundar las calles este 8M, sino que tenemos que movilizarnos de otras maneras, a trav\u00e9s de redes sociales, medios de comunicaci\u00f3n o balcones.<\/p>\n<p>Adem\u00e1s, nuestra secretaria de Organizaci\u00f3n y portavoz parlamentaria, Noelia Cobo, ha asegurado que \u201cpara las y los socialistas c\u00e1ntabros es indiscutible la importancia de esta fecha, pero ahora es momento de que nuestro partido sea ejemplar\u201d. \u201cSigamos anteponiendo la salud ante cualquier otro inter\u00e9s\u201d, ha remarcado.<\/p>\n<p>Por tanto, desde el PSOE de Cantabria pedimos a nuestra militancia y a los cargos institucionales a que este 8M se movilicen de otra forma, para poder seguir celebrando esta jornada. Sigamos demostrando nuestro compromiso en la defensa de la igualdad, pero hag\u00e1moslo de una manera en la que evitemos la expansi\u00f3n de la pandemia.<\/p>\n","protected":false},"excerpt":{"rendered":"<p>Dentro de muy poco tiempo celebraremos el 8 de marzo, D\u00eda Internacional de la Mujer, un d\u00eda importante para el PSOE de Cantabria en el que reivindicamos la defensa de los derechos de las mujeres. No obstante, y aunque se trata de una fecha marcada en nuestro calendario, este a\u00f1o lo celebraremos de una forma [&hellip;]<\/p>\n","protected":false},"author":2,"featured_media":4947,"comment_status":"open","ping_status":"closed","sticky":false,"template":"","format":"standard","meta":{"tdm_status":"","tdm_grid_status":"","footnotes":""},"categories":[14,24,25],"tags":[],"class_list":["post-5930","post","type-post","status-publish","format-standard","has-post-thumbnail","hentry","category-notas-de-prensa","category-partido","category-actualidad"],"_links":{"self":[{"href":"https:\/\/www.psc-psoe.es\/index.php\/wp-json\/wp\/v2\/posts\/5930","targetHints":{"allow":["GET"]}}],"collection":[{"href":"https:\/\/www.psc-psoe.es\/index.php\/wp-json\/wp\/v2\/posts"}],"about":[{"href":"https:\/\/www.psc-psoe.es\/index.php\/wp-json\/wp\/v2\/types\/post"}],"author":[{"embeddable":true,"href":"https:\/\/www.psc-psoe.es\/index.php\/wp-json\/wp\/v2\/users\/2"}],"replies":[{"embeddable":true,"href":"https:\/\/www.psc-psoe.es\/index.php\/wp-json\/wp\/v2\/comments?post=5930"}],"version-history":[{"count":0,"href":"https:\/\/www.psc-psoe.es\/index.php\/wp-json\/wp\/v2\/posts\/5930\/revisions"}],"wp:featuredmedia":[{"embeddable":true,"href":"https:\/\/www.psc-psoe.es\/index.php\/wp-json\/wp\/v2\/media\/4947"}],"wp:attachment":[{"href":"https:\/\/www.psc-psoe.es\/index.php\/wp-json\/wp\/v2\/media?parent=5930"}],"wp:term":[{"taxonomy":"category","embeddable":true,"href":"https:\/\/www.psc-psoe.es\/index.php\/wp-json\/wp\/v2\/categories?post=5930"},{"taxonomy":"post_tag","embeddable":true,"href":"https:\/\/www.psc-psoe.es\/index.php\/wp-json\/wp\/v2\/tags?post=5930"}],"curies":[{"name":"wp","href":"https:\/\/api.w.org\/{rel}","templated":true}]}}