{"id":5895,"date":"2021-01-30T14:20:30","date_gmt":"2021-01-30T13:20:30","guid":{"rendered":"https:\/\/www.psc-psoe.es\/?p=5895"},"modified":"2021-01-30T14:20:30","modified_gmt":"2021-01-30T13:20:30","slug":"el-psoe-se-compromete-a-implementar-la-ley-de-la-eutanasia-en-cantabria-de-forma-agil-y-eficaz","status":"publish","type":"post","link":"https:\/\/www.psc-psoe.es\/index.php\/2021\/01\/30\/el-psoe-se-compromete-a-implementar-la-ley-de-la-eutanasia-en-cantabria-de-forma-agil-y-eficaz\/","title":{"rendered":"El PSOE se compromete a implementar la Ley de la Eutanasia en Cantabria de forma \u00e1gil y eficaz"},"content":{"rendered":"<p><strong>Santander, 30 de enero de 2021.<\/strong> El secretario general del PSOE de Cantabria y vicepresidente auton\u00f3mico, Pablo Zuloaga, ha asegurado que \u201cdesde el PSOE de Cantabria nos comprometemos a implementar la Ley de la Eutanasia en nuestra comunidad aut\u00f3noma de forma \u00e1gil y eficaz\u201d. Con la regulaci\u00f3n de esta ley, ha dicho, \u201cadquirimos un nuevo derecho que nos da m\u00e1s dignidad y nos hace m\u00e1s libres\u201d.<\/p>\n<p>As\u00ed se ha manifestado Zuloaga durante el encuentro digital sobre la Ley de la Eutanasia que las y los socialistas c\u00e1ntabros han celebrado este s\u00e1bado, con la participaci\u00f3n de la secretaria de Sanidad y Consumo de la CEF-PSOE, Mar\u00eda Luisa Carcedo, adem\u00e1s de la secretaria de Organizaci\u00f3n del PSOE de Cantabria, Noelia Cobo, la secretaria de Sanidad de la Ejecutiva Regional, Alicia de la Sen y la miembro de la representante de la asociaci\u00f3n Derecho a Morir Dignamente de Euskadi, Concha Castells.<\/p>\n<p>En esta l\u00ednea, ha remarcado que \u201ccumpliremos con el desarrollo legislativo que permita a los c\u00e1ntabros y las c\u00e1ntabras ser libres en el marco de la nueva norma del Estado que garantiza el derecho a morir dignamente\u201d.<\/p>\n<p>Asimismo, ha afirmado que \u201ccon esta ley una persona puede adoptar una decisi\u00f3n aut\u00f3noma sobre el final de su vida en caso de padecer una situaci\u00f3n de sufrimiento irreversible con todas las garant\u00edas jur\u00eddicas\u201d. Seg\u00fan ha reiterado, \u201cahora tenemos derecho a morir dignamente, eso es una cuesti\u00f3n de humanidad que hace a nuestra democracia m\u00e1s grande, m\u00e1s digna y m\u00e1s justa\u201d.<\/p>\n<p>Aprobada la ley de la Eutanasia, ha dicho, \u201cse reconoce el derecho a decidir sobre nuestras vidas\u201d.<\/p>\n<p>El l\u00edder de los socialistas c\u00e1ntabros ha remarcado que \u201csi este pa\u00eds avanza en en la consolidaci\u00f3n de derechos y libertades civiles es gracias al trabajo del PSOE a pesar de las zancadillas de la oposici\u00f3n\u201d. \u201cLa derecha y ultraderecha de Cantabria y de Espa\u00f1a ni est\u00e1n ni se les espera, se han opuesto a la ley de la eutanasia igual que lo hicieron con la ley del aborto, del divorcio o del matrimonio igualitario\u201d, ha criticado.<\/p>\n<p>En su opini\u00f3n, \u201clas derechas y ultraderecha vuelven a oponerse a las grandes conquistas sociales de nuestro pa\u00eds\u201d.<\/p>\n<p>Por su parte, la secretaria de Sanidad y Consumo de la CEF-PSOE, Mar\u00eda Luisa Carcedo, ha defendido que \u201cesta ley significa un nuevo derecho civil de la ciudadan\u00eda que se asienta en nuestra Constituci\u00f3n, en los derechos fundamentales y en otras leyes de nuestro Estado social y democr\u00e1tico de derecho como son la Ley de autonom\u00eda del paciente y el C\u00f3digo Penal\u201d.<\/p>\n<p>En palabras de la tambi\u00e9n diputada nacional, la Ley de la Eutanasia \u201ces una ley garantista que pretende dos cosas: que es la persona la que decide y la que decide en que circunstancias puede solicitar ayuda a morir en caso de padecer una situaci\u00f3n grave o un padecimiento imposibilitante\u201d.<\/p>\n<p>Carcedo, ha explicado que \u201ceste derecho se incluye como una prestaci\u00f3n en la cartera de servicios del Sistema Nacional de Salud para que su cumplimiento se realice en condiciones de equidad para todas y todos y para que el proceso se desarrolle con la mayor calidad humana y de la forma m\u00e1s digna posible\u201d.<\/p>\n<p>Por su parte, la secretaria de Organizaci\u00f3n de los socialistas c\u00e1ntabros, Noelia Cobo, ha sostenido que \u201cla Ley de la Eutanasia, es una ley que la sociedad espa\u00f1ola demandaba y necesitaba\u201d. \u201cNuevamente es el PSOE el que lidera un avance social de enorme magnitud y que nos coloca como pioneros en esta materia\u201d, ha remarcado.<\/p>\n<p>Finalmente, la portavoz parlamentaria socialista ha reiterado que \u201cla Ley de la Eutanasia se asienta en los derechos fundamentales de las personas, derechos que precisamente recoge nuestro texto constitucional\u201d.<\/p>\n","protected":false},"excerpt":{"rendered":"<p>Santander, 30 de enero de 2021. El secretario general del PSOE de Cantabria y vicepresidente auton\u00f3mico, Pablo Zuloaga, ha asegurado que \u201cdesde el PSOE de Cantabria nos comprometemos a implementar la Ley de la Eutanasia en nuestra comunidad aut\u00f3noma de forma \u00e1gil y eficaz\u201d. Con la regulaci\u00f3n de esta ley, ha dicho, \u201cadquirimos un nuevo [&hellip;]<\/p>\n","protected":false},"author":2,"featured_media":5896,"comment_status":"open","ping_status":"closed","sticky":false,"template":"","format":"standard","meta":{"tdm_status":"","tdm_grid_status":"","footnotes":""},"categories":[14,24,25],"tags":[],"class_list":["post-5895","post","type-post","status-publish","format-standard","has-post-thumbnail","hentry","category-notas-de-prensa","category-partido","category-actualidad"],"_links":{"self":[{"href":"https:\/\/www.psc-psoe.es\/index.php\/wp-json\/wp\/v2\/posts\/5895","targetHints":{"allow":["GET"]}}],"collection":[{"href":"https:\/\/www.psc-psoe.es\/index.php\/wp-json\/wp\/v2\/posts"}],"about":[{"href":"https:\/\/www.psc-psoe.es\/index.php\/wp-json\/wp\/v2\/types\/post"}],"author":[{"embeddable":true,"href":"https:\/\/www.psc-psoe.es\/index.php\/wp-json\/wp\/v2\/users\/2"}],"replies":[{"embeddable":true,"href":"https:\/\/www.psc-psoe.es\/index.php\/wp-json\/wp\/v2\/comments?post=5895"}],"version-history":[{"count":0,"href":"https:\/\/www.psc-psoe.es\/index.php\/wp-json\/wp\/v2\/posts\/5895\/revisions"}],"wp:featuredmedia":[{"embeddable":true,"href":"https:\/\/www.psc-psoe.es\/index.php\/wp-json\/wp\/v2\/media\/5896"}],"wp:attachment":[{"href":"https:\/\/www.psc-psoe.es\/index.php\/wp-json\/wp\/v2\/media?parent=5895"}],"wp:term":[{"taxonomy":"category","embeddable":true,"href":"https:\/\/www.psc-psoe.es\/index.php\/wp-json\/wp\/v2\/categories?post=5895"},{"taxonomy":"post_tag","embeddable":true,"href":"https:\/\/www.psc-psoe.es\/index.php\/wp-json\/wp\/v2\/tags?post=5895"}],"curies":[{"name":"wp","href":"https:\/\/api.w.org\/{rel}","templated":true}]}}