{"id":5607,"date":"2020-09-19T17:52:23","date_gmt":"2020-09-19T15:52:23","guid":{"rendered":"https:\/\/www.psc-psoe.es\/?p=5607"},"modified":"2020-09-19T17:52:23","modified_gmt":"2020-09-19T15:52:23","slug":"reinosa-acoge-la-reunion-comarcal-del-partido-en-campoo","status":"publish","type":"post","link":"https:\/\/www.psc-psoe.es\/index.php\/2020\/09\/19\/reinosa-acoge-la-reunion-comarcal-del-partido-en-campoo\/","title":{"rendered":"Reinosa acoge la reuni\u00f3n comarcal del Partido en Campoo"},"content":{"rendered":"<p style=\"text-align: justify;\">La secretaria de Organizaci\u00f3n Noelia Cobo ha asistido junto con los miembros de la Ejecutiva Regional C\u00e9sar Aja y Gustavo Garc\u00eda, a una reuni\u00f3n de trabajo con compa\u00f1eros y compa\u00f1eras de la comarca de Campoo encabezados por Sergio Balbont\u00edn, secretario general del PSOE Reinosa y responsable comarcal<\/p>\n<p style=\"text-align: justify;\">Al encuentro celebrado en la sede del Partido en Reinosa, han asistido diferentes compa\u00f1eros de los municipios de Reinosa, Campoo de Enmendio, Valdeolea, Valderredible, Hernandad de Suso y San Miguel de Aguayo.<\/p>\n<p style=\"text-align: justify;\">Entre otros temas, se han debatido las posibilidades que para la comarca tienen los Fondos Europeos, una inyecci\u00f3n econ\u00f3mica que se antoja fundamental para la reconstrucci\u00f3n social y econ\u00f3mica y que para cuya tramitaci\u00f3n resulta fundamental que se aprueben los pr\u00f3ximos Presupuestos Generales del Estado.<\/p>\n<p style=\"text-align: justify;\">De igual manera, Noelia Cobo ha insistido en que Cantabria deber\u00e1 contar con unos presupuestos regionales \u201cprogresistas y de marcado car\u00e1cter social\u201d para afrontar la salida de la crisis resultante de la pandemia \u201ccon rapidez, de una manera justa y sostenible y con la premisa de no dejar a nadie atr\u00e1s\u201d.<\/p>\n<p style=\"text-align: justify;\">En el orden del d\u00eda tambi\u00e9n se ha repasado el papel de las pedan\u00edas en el \u00e1mbito de la comarca de Campoo y diversas cuestiones de la pol\u00edtica municipal en el Ayuntamiento de Reinosa.<\/p>\n","protected":false},"excerpt":{"rendered":"<p>La secretaria de Organizaci\u00f3n Noelia Cobo ha asistido junto con los miembros de la Ejecutiva Regional C\u00e9sar Aja y Gustavo Garc\u00eda, a una reuni\u00f3n de trabajo con compa\u00f1eros y compa\u00f1eras de la comarca de Campoo encabezados por Sergio Balbont\u00edn, secretario general del PSOE Reinosa y responsable comarcal Al encuentro celebrado en la sede del Partido [&hellip;]<\/p>\n","protected":false},"author":2,"featured_media":5608,"comment_status":"open","ping_status":"closed","sticky":false,"template":"","format":"standard","meta":{"tdm_status":"","tdm_grid_status":"","footnotes":""},"categories":[14,24],"tags":[],"class_list":["post-5607","post","type-post","status-publish","format-standard","has-post-thumbnail","hentry","category-notas-de-prensa","category-partido"],"_links":{"self":[{"href":"https:\/\/www.psc-psoe.es\/index.php\/wp-json\/wp\/v2\/posts\/5607","targetHints":{"allow":["GET"]}}],"collection":[{"href":"https:\/\/www.psc-psoe.es\/index.php\/wp-json\/wp\/v2\/posts"}],"about":[{"href":"https:\/\/www.psc-psoe.es\/index.php\/wp-json\/wp\/v2\/types\/post"}],"author":[{"embeddable":true,"href":"https:\/\/www.psc-psoe.es\/index.php\/wp-json\/wp\/v2\/users\/2"}],"replies":[{"embeddable":true,"href":"https:\/\/www.psc-psoe.es\/index.php\/wp-json\/wp\/v2\/comments?post=5607"}],"version-history":[{"count":0,"href":"https:\/\/www.psc-psoe.es\/index.php\/wp-json\/wp\/v2\/posts\/5607\/revisions"}],"wp:featuredmedia":[{"embeddable":true,"href":"https:\/\/www.psc-psoe.es\/index.php\/wp-json\/wp\/v2\/media\/5608"}],"wp:attachment":[{"href":"https:\/\/www.psc-psoe.es\/index.php\/wp-json\/wp\/v2\/media?parent=5607"}],"wp:term":[{"taxonomy":"category","embeddable":true,"href":"https:\/\/www.psc-psoe.es\/index.php\/wp-json\/wp\/v2\/categories?post=5607"},{"taxonomy":"post_tag","embeddable":true,"href":"https:\/\/www.psc-psoe.es\/index.php\/wp-json\/wp\/v2\/tags?post=5607"}],"curies":[{"name":"wp","href":"https:\/\/api.w.org\/{rel}","templated":true}]}}