{"id":5548,"date":"2020-09-01T11:07:40","date_gmt":"2020-09-01T09:07:40","guid":{"rendered":"https:\/\/www.psc-psoe.es\/?p=5548"},"modified":"2020-09-01T11:07:40","modified_gmt":"2020-09-01T09:07:40","slug":"la-agrupacion-de-guriezo-renueva-la-comision-ejecutiva-municipal-con-ibon-etxebarria-al-frente","status":"publish","type":"post","link":"https:\/\/www.psc-psoe.es\/index.php\/2020\/09\/01\/la-agrupacion-de-guriezo-renueva-la-comision-ejecutiva-municipal-con-ibon-etxebarria-al-frente\/","title":{"rendered":"La agrupaci\u00f3n de Guriezo renueva la comisi\u00f3n ejecutiva municipal con Ibon Etxebarr\u00eda al frente"},"content":{"rendered":"<p style=\"text-align: justify;\">La agrupaci\u00f3n de Guriezo del Partido Socialista de Cantabria ha celebrado hoy lunes 31 una asamblea de militantes para proceder a la renovaci\u00f3n de su comisi\u00f3n ejecutiva municipal. A la asamblea han asistido los miembros de la ejecutiva regional Noelia Cobo -secretaria de Organizaci\u00f3n y portavoz parlamentaria- y el secretario de la comarca, Pablo Antu\u00f1ano.<\/p>\n<p style=\"text-align: justify;\">La asamblea de militantes ha elegido por unanimidad a Ibon Etxebarria como nuevo secretario general y a Felipe Antol\u00edn como presidente. Les acompa\u00f1an Carmela Irusta como secretaria de Organizaci\u00f3n; Carmelo Herrer\u00eda como secretario de Pol\u00edtica municipal, Sara Gonz\u00e1lez como secretaria de Educaci\u00f3n e igualdad, Javier Gorostegui como secretario de Juventud, participaci\u00f3n y redes sociales y Elena Puente que pasa a ocupar la secretar\u00eda de Sanidad y asuntos sociales.<\/p>\n<p style=\"text-align: justify;\">Al t\u00e9rmino de la asamblea, la secretaria de Organizaci\u00f3n del PSOE Cantabria ha mostrado su confianza en que la nueva direcci\u00f3n de los socialistas de Guriezo trabaje \u201cde manera incansable y responsable\u201d durante toda la legislatura para defender los intereses de todos los vecinos y vecinas del municipio.<\/p>\n","protected":false},"excerpt":{"rendered":"<p>La agrupaci\u00f3n de Guriezo del Partido Socialista de Cantabria ha celebrado hoy lunes 31 una asamblea de militantes para proceder a la renovaci\u00f3n de su comisi\u00f3n ejecutiva municipal. A la asamblea han asistido los miembros de la ejecutiva regional Noelia Cobo -secretaria de Organizaci\u00f3n y portavoz parlamentaria- y el secretario de la comarca, Pablo Antu\u00f1ano. [&hellip;]<\/p>\n","protected":false},"author":2,"featured_media":5550,"comment_status":"open","ping_status":"closed","sticky":false,"template":"","format":"standard","meta":{"tdm_status":"","tdm_grid_status":"","footnotes":""},"categories":[14,24,1],"tags":[],"class_list":["post-5548","post","type-post","status-publish","format-standard","has-post-thumbnail","hentry","category-notas-de-prensa","category-partido","category-uncategorized"],"_links":{"self":[{"href":"https:\/\/www.psc-psoe.es\/index.php\/wp-json\/wp\/v2\/posts\/5548","targetHints":{"allow":["GET"]}}],"collection":[{"href":"https:\/\/www.psc-psoe.es\/index.php\/wp-json\/wp\/v2\/posts"}],"about":[{"href":"https:\/\/www.psc-psoe.es\/index.php\/wp-json\/wp\/v2\/types\/post"}],"author":[{"embeddable":true,"href":"https:\/\/www.psc-psoe.es\/index.php\/wp-json\/wp\/v2\/users\/2"}],"replies":[{"embeddable":true,"href":"https:\/\/www.psc-psoe.es\/index.php\/wp-json\/wp\/v2\/comments?post=5548"}],"version-history":[{"count":0,"href":"https:\/\/www.psc-psoe.es\/index.php\/wp-json\/wp\/v2\/posts\/5548\/revisions"}],"wp:featuredmedia":[{"embeddable":true,"href":"https:\/\/www.psc-psoe.es\/index.php\/wp-json\/wp\/v2\/media\/5550"}],"wp:attachment":[{"href":"https:\/\/www.psc-psoe.es\/index.php\/wp-json\/wp\/v2\/media?parent=5548"}],"wp:term":[{"taxonomy":"category","embeddable":true,"href":"https:\/\/www.psc-psoe.es\/index.php\/wp-json\/wp\/v2\/categories?post=5548"},{"taxonomy":"post_tag","embeddable":true,"href":"https:\/\/www.psc-psoe.es\/index.php\/wp-json\/wp\/v2\/tags?post=5548"}],"curies":[{"name":"wp","href":"https:\/\/api.w.org\/{rel}","templated":true}]}}